{"id":96,"date":"2017-05-23T12:34:21","date_gmt":"2017-05-23T15:34:21","guid":{"rendered":"http:\/\/checkupoftalmologia.com.br\/wp\/?p=96"},"modified":"2017-05-23T12:34:21","modified_gmt":"2017-05-23T15:34:21","slug":"importancia-dos-oculos-de-sol","status":"publish","type":"post","link":"https:\/\/draodiliaoftalmo.com.br\/index.php\/2017\/05\/23\/importancia-dos-oculos-de-sol\/","title":{"rendered":"Import\u00e2ncia dos \u00f3culos de sol"},"content":{"rendered":"<p>Usar \u00f3culos de sol com prote\u00e7\u00e3o UVA e UVB \u00e9 muito importante na preven\u00e7\u00e3o de doen\u00e7as como catarata, pter\u00edgio e degenera\u00e7\u00e3o macular.<br \/>\nTire suas d\u00favidas a respeito do tema.<\/p>\n<p><iframe loading=\"lazy\" width=\"780\" height=\"439\" src=\"https:\/\/www.youtube.com\/embed\/qWZlhxMvavw?feature=oembed\" frameborder=\"0\" allow=\"accelerometer; autoplay; encrypted-media; gyroscope; picture-in-picture\" allowfullscreen><\/iframe><\/p>\n<p>&nbsp;<\/p>\n<p>&nbsp;<\/p>\n","protected":false},"excerpt":{"rendered":"<p>Usar \u00f3culos de sol com prote\u00e7\u00e3o UVA e UVB \u00e9 muito importante na preven\u00e7\u00e3o de doen\u00e7as como catarata, pter\u00edgio e degenera\u00e7\u00e3o macular. Tire suas d\u00favidas a respeito do tema. &nbsp; &nbsp;<\/p>\n","protected":false},"author":2,"featured_media":0,"comment_status":"closed","ping_status":"closed","sticky":false,"template":"","format":"standard","meta":{"footnotes":""},"categories":[2],"tags":[],"class_list":["post-96","post","type-post","status-publish","format-standard","hentry","category-postagens"],"_links":{"self":[{"href":"https:\/\/draodiliaoftalmo.com.br\/index.php\/wp-json\/wp\/v2\/posts\/96","targetHints":{"allow":["GET"]}}],"collection":[{"href":"https:\/\/draodiliaoftalmo.com.br\/index.php\/wp-json\/wp\/v2\/posts"}],"about":[{"href":"https:\/\/draodiliaoftalmo.com.br\/index.php\/wp-json\/wp\/v2\/types\/post"}],"author":[{"embeddable":true,"href":"https:\/\/draodiliaoftalmo.com.br\/index.php\/wp-json\/wp\/v2\/users\/2"}],"replies":[{"embeddable":true,"href":"https:\/\/draodiliaoftalmo.com.br\/index.php\/wp-json\/wp\/v2\/comments?post=96"}],"version-history":[{"count":0,"href":"https:\/\/draodiliaoftalmo.com.br\/index.php\/wp-json\/wp\/v2\/posts\/96\/revisions"}],"wp:attachment":[{"href":"https:\/\/draodiliaoftalmo.com.br\/index.php\/wp-json\/wp\/v2\/media?parent=96"}],"wp:term":[{"taxonomy":"category","embeddable":true,"href":"https:\/\/draodiliaoftalmo.com.br\/index.php\/wp-json\/wp\/v2\/categories?post=96"},{"taxonomy":"post_tag","embeddable":true,"href":"https:\/\/draodiliaoftalmo.com.br\/index.php\/wp-json\/wp\/v2\/tags?post=96"}],"curies":[{"name":"wp","href":"https:\/\/api.w.org\/{rel}","templated":true}]}}