{"id":94,"date":"2017-05-23T12:31:44","date_gmt":"2017-05-23T15:31:44","guid":{"rendered":"http:\/\/checkupoftalmologia.com.br\/wp\/?p=94"},"modified":"2017-05-23T12:31:44","modified_gmt":"2017-05-23T15:31:44","slug":"glaucoma-2","status":"publish","type":"post","link":"https:\/\/draodiliaoftalmo.com.br\/index.php\/2017\/05\/23\/glaucoma-2\/","title":{"rendered":"Glaucoma"},"content":{"rendered":"<p>O glaucoma \u00e9 uma doen\u00e7a com importante fator gen\u00e9tico e que n\u00e3o tem cura, apenas tratamento, para evitar a progress\u00e3o. Mas, se n\u00e3o tratada de forma adequada, pode levar \u00e0 cegueira irrevers\u00edvel.<br \/>Tire suas d\u00favidas a respeito dessa patologia.<\/p>\n<p>\u00a0<\/p>\n\n\n<iframe loading=\"lazy\" src=\"https:\/\/www.facebook.com\/plugins\/post.php?href=https%3A%2F%2Fwww.facebook.com%2FCBOvejabem%2Fposts%2F1922933574594627&#038;show_text=false&#038;width=552&#038;height=613&#038;appId\" width=\"552\" height=\"613\" style=\"border:none;overflow:hidden\" scrolling=\"no\" frameborder=\"0\" allowTransparency=\"true\" allow=\"encrypted-media\"><\/iframe>\n","protected":false},"excerpt":{"rendered":"<p>O glaucoma \u00e9 uma doen\u00e7a com importante fator gen\u00e9tico e que n\u00e3o tem cura, apenas tratamento, para evitar a progress\u00e3o. Mas, se n\u00e3o tratada de forma adequada, pode levar \u00e0 cegueira irrevers\u00edvel.Tire suas d\u00favidas a respeito dessa patologia. \u00a0<\/p>\n","protected":false},"author":2,"featured_media":0,"comment_status":"closed","ping_status":"closed","sticky":false,"template":"","format":"standard","meta":{"footnotes":""},"categories":[2],"tags":[],"class_list":["post-94","post","type-post","status-publish","format-standard","hentry","category-postagens"],"_links":{"self":[{"href":"https:\/\/draodiliaoftalmo.com.br\/index.php\/wp-json\/wp\/v2\/posts\/94","targetHints":{"allow":["GET"]}}],"collection":[{"href":"https:\/\/draodiliaoftalmo.com.br\/index.php\/wp-json\/wp\/v2\/posts"}],"about":[{"href":"https:\/\/draodiliaoftalmo.com.br\/index.php\/wp-json\/wp\/v2\/types\/post"}],"author":[{"embeddable":true,"href":"https:\/\/draodiliaoftalmo.com.br\/index.php\/wp-json\/wp\/v2\/users\/2"}],"replies":[{"embeddable":true,"href":"https:\/\/draodiliaoftalmo.com.br\/index.php\/wp-json\/wp\/v2\/comments?post=94"}],"version-history":[{"count":0,"href":"https:\/\/draodiliaoftalmo.com.br\/index.php\/wp-json\/wp\/v2\/posts\/94\/revisions"}],"wp:attachment":[{"href":"https:\/\/draodiliaoftalmo.com.br\/index.php\/wp-json\/wp\/v2\/media?parent=94"}],"wp:term":[{"taxonomy":"category","embeddable":true,"href":"https:\/\/draodiliaoftalmo.com.br\/index.php\/wp-json\/wp\/v2\/categories?post=94"},{"taxonomy":"post_tag","embeddable":true,"href":"https:\/\/draodiliaoftalmo.com.br\/index.php\/wp-json\/wp\/v2\/tags?post=94"}],"curies":[{"name":"wp","href":"https:\/\/api.w.org\/{rel}","templated":true}]}}