{"id":773,"date":"2020-04-18T10:12:32","date_gmt":"2020-04-18T13:12:32","guid":{"rendered":"http:\/\/checkupoftalmologia.com.br\/wp\/?p=642"},"modified":"2020-04-18T10:12:32","modified_gmt":"2020-04-18T13:12:32","slug":"relacao-entre-coronavirus-e-conjuntivite","status":"publish","type":"post","link":"https:\/\/draodiliaoftalmo.com.br\/index.php\/2020\/04\/18\/relacao-entre-coronavirus-e-conjuntivite\/","title":{"rendered":"Rela\u00e7\u00e3o entre Coronav\u00edrus e conjuntivite"},"content":{"rendered":"\n<figure class=\"wp-block-image size-large is-resized\"><img loading=\"lazy\" decoding=\"async\" src=\"https:\/\/draodiliaoftalmo.com.br\/wp-content\/uploads\/2020\/07\/corona.jpg\" alt=\"\" class=\"wp-image-801\" width=\"415\" height=\"347\" srcset=\"https:\/\/draodiliaoftalmo.com.br\/wp-content\/uploads\/2020\/07\/corona.jpg 373w, https:\/\/draodiliaoftalmo.com.br\/wp-content\/uploads\/2020\/07\/corona-300x251.jpg 300w\" sizes=\"auto, (max-width: 415px) 100vw, 415px\" \/><\/figure>\n\n\n\n<p>Estudos da Academia Americana de Oftalmologia apontam que o novo coronav\u00edrus pode ser contra\u00eddo atrav\u00e9s do contato de got\u00edculas de saliva de um doente com as mucosas do nariz, boca e olhos de outra pessoa.<\/p>\n\n\n\n<p>Em caso de contamina\u00e7\u00e3o via ocular, al\u00e9m dos sintomas gerais, o paciente pode desenvolver um quadro de conjuntivite ( irrita\u00e7\u00e3o, vermelhid\u00e3o, lacrimejamento e incha\u00e7o ocular), com necessidade de atendimento oft\u00e1lmico de urg\u00eancia.<\/p>\n\n\n\n<p>Dessa forma, s\u00e3o fundamentais algumas medidas de preven\u00e7\u00e3o \u00e0 Covid-19:<br>Higienizar as m\u00e3os com frequ\u00eancia, seguindo as recomenda\u00e7\u00f5es das autoridades de sa\u00fade.<\/p>\n\n\n\n<p>N\u00e3o esfregar os olhos, nem tocar a boca e o nariz.<\/p>\n\n\n\n<p>Somente usar col\u00edrio com prescri\u00e7\u00e3o m\u00e9dica e com as m\u00e3os higienizadas.<\/p>\n\n\n\n<p>Evitar o uso de lentes de contato, pois, ao tocar os olhos para manuse\u00e1-las, aumenta a susceptibilidade a infec\u00e7\u00f5es. Caso necessite us\u00e1-las, \u00e9 importante higienizar as m\u00e3os antes de manuse\u00e1-las, guard\u00e1-las em estojo adequadamente higienizado e retir\u00e1-las antes de dormir.<\/p>\n\n\n\n<p>Higienizar os \u00f3culos com \u00e1gua e sab\u00e3o, v\u00e1rias vezes ao dia. Deve-se evitar o uso de flanela, pois o v\u00edrus pode ficar alojado no tecido por algum tempo. Tamb\u00e9m, n\u00e3o deve ser usado \u00e1lcool, pois pode danificar a arma\u00e7\u00e3o e o revestimento das lentes.<\/p>\n\n\n\n<p>Adotar medidas gerais de prote\u00e7\u00e3o: evitar sair de casa; manter os c\u00f4modos higienizados e ventilados; n\u00e3o compartilhar objetos pessoais; reduzir (dentro do poss\u00edvel) beijos e abra\u00e7os, mesmo em familiares, j\u00e1 que podem estar assintom\u00e1ticos.<\/p>\n\n\n\n<p>Fa\u00e7a sua parte!<\/p>\n\n\n\n<p>Tudo vai passar!<\/p>\n\n\n\n<p>Que Deus nos proteja!<\/p>\n\n\n\n<p><a href=\"https:\/\/www.instagram.com\/explore\/tags\/sa%C3%BAde\/\">#sa\u00fade<\/a><a href=\"https:\/\/www.instagram.com\/explore\/tags\/sa%C3%BAdeocular\/\">#sa\u00fadeocular<\/a><a href=\"https:\/\/www.instagram.com\/explore\/tags\/olhos\/\">#olhos<\/a><a href=\"https:\/\/www.instagram.com\/explore\/tags\/vis%C3%A3o\/\">#vis\u00e3o<\/a><a href=\"https:\/\/www.instagram.com\/explore\/tags\/oftalmologia\/\">#oftalmologia<\/a><a href=\"https:\/\/www.instagram.com\/explore\/tags\/checkupoftalmologia\/\">#checkupoftalmologia<\/a><a href=\"https:\/\/www.instagram.com\/explore\/tags\/clinicacetaoficial\/\">#clinicacetaoficial<\/a><a href=\"https:\/\/www.instagram.com\/explore\/tags\/combatecoronav%C3%ADrus\/\">#combatecoronav\u00edrus<\/a><a href=\"https:\/\/www.instagram.com\/explore\/tags\/covid19\/\">#covid19<\/a><a href=\"https:\/\/www.instagram.com\/explore\/tags\/fiqueemcasa\/\">#fiqueemcasa<\/a><\/p>\n","protected":false},"excerpt":{"rendered":"<p>Estudos da Academia Americana de Oftalmologia apontam que o novo coronav\u00edrus pode ser contra\u00eddo atrav\u00e9s do contato de got\u00edculas de saliva de um doente com as mucosas do nariz, boca e olhos de outra pessoa. Em caso de contamina\u00e7\u00e3o via ocular, al\u00e9m dos sintomas gerais, o paciente pode desenvolver um quadro de conjuntivite ( irrita\u00e7\u00e3o, <a class=\"more-link\" href=\"https:\/\/draodiliaoftalmo.com.br\/index.php\/2020\/04\/18\/relacao-entre-coronavirus-e-conjuntivite\/\">Leia mais&#8230; &raquo;<\/a><\/p>\n","protected":false},"author":2,"featured_media":0,"comment_status":"closed","ping_status":"closed","sticky":false,"template":"","format":"standard","meta":{"footnotes":""},"categories":[2],"tags":[],"class_list":["post-773","post","type-post","status-publish","format-standard","hentry","category-postagens"],"_links":{"self":[{"href":"https:\/\/draodiliaoftalmo.com.br\/index.php\/wp-json\/wp\/v2\/posts\/773","targetHints":{"allow":["GET"]}}],"collection":[{"href":"https:\/\/draodiliaoftalmo.com.br\/index.php\/wp-json\/wp\/v2\/posts"}],"about":[{"href":"https:\/\/draodiliaoftalmo.com.br\/index.php\/wp-json\/wp\/v2\/types\/post"}],"author":[{"embeddable":true,"href":"https:\/\/draodiliaoftalmo.com.br\/index.php\/wp-json\/wp\/v2\/users\/2"}],"replies":[{"embeddable":true,"href":"https:\/\/draodiliaoftalmo.com.br\/index.php\/wp-json\/wp\/v2\/comments?post=773"}],"version-history":[{"count":0,"href":"https:\/\/draodiliaoftalmo.com.br\/index.php\/wp-json\/wp\/v2\/posts\/773\/revisions"}],"wp:attachment":[{"href":"https:\/\/draodiliaoftalmo.com.br\/index.php\/wp-json\/wp\/v2\/media?parent=773"}],"wp:term":[{"taxonomy":"category","embeddable":true,"href":"https:\/\/draodiliaoftalmo.com.br\/index.php\/wp-json\/wp\/v2\/categories?post=773"},{"taxonomy":"post_tag","embeddable":true,"href":"https:\/\/draodiliaoftalmo.com.br\/index.php\/wp-json\/wp\/v2\/tags?post=773"}],"curies":[{"name":"wp","href":"https:\/\/api.w.org\/{rel}","templated":true}]}}