{"id":725,"date":"2020-04-18T15:40:22","date_gmt":"2020-04-18T18:40:22","guid":{"rendered":"http:\/\/checkupoftalmologia.com.br\/wp\/?p=725"},"modified":"2020-04-18T15:40:22","modified_gmt":"2020-04-18T18:40:22","slug":"deficiencia-visual","status":"publish","type":"post","link":"https:\/\/draodiliaoftalmo.com.br\/index.php\/2020\/04\/18\/deficiencia-visual\/","title":{"rendered":"Defici\u00eancia visual"},"content":{"rendered":"\n<figure class=\"wp-block-image size-large is-resized\"><img loading=\"lazy\" decoding=\"async\" src=\"http:\/\/checkupoftalmologia.com.br\/wp\/wp-content\/uploads\/2020\/04\/22344903_206758116530400_4409489639715373056_n.jpg\" alt=\"\" class=\"wp-image-726\" width=\"332\" height=\"332\" srcset=\"https:\/\/draodiliaoftalmo.com.br\/wp-content\/uploads\/2020\/04\/22344903_206758116530400_4409489639715373056_n.jpg 479w, https:\/\/draodiliaoftalmo.com.br\/wp-content\/uploads\/2020\/04\/22344903_206758116530400_4409489639715373056_n-300x300.jpg 300w, https:\/\/draodiliaoftalmo.com.br\/wp-content\/uploads\/2020\/04\/22344903_206758116530400_4409489639715373056_n-150x150.jpg 150w\" sizes=\"auto, (max-width: 332px) 100vw, 332px\" \/><\/figure>\n\n\n\n<p>Atualmente, no Brasil, h\u00e1 mais de 1,2 milh\u00e3o de cegos.<br>A OMS (Organiza\u00e7\u00e3o Mundial de Sa\u00fade) estima que entre 60 e 80% das causas de cegueira s\u00e3o evit\u00e1veis e\/ou trat\u00e1veis.<br>Na pr\u00e1tica, significa que em torno de 700 mil cegos brasileiros poderiam estar enxergando se tivessem sido tratados de forma eficaz e em tempo h\u00e1bil.<br>Da\u00ed a import\u00e2ncia do check-up oftalmol\u00f3gico para o diagn\u00f3stico e tratamento precoce das doen\u00e7as oculares.<br>Agende sua consulta!<\/p>\n\n\n\n<p><a href=\"https:\/\/www.instagram.com\/explore\/tags\/sa%C3%BAde\/\">#sa\u00fade<\/a><a href=\"https:\/\/www.instagram.com\/explore\/tags\/sa%C3%BAdeocular\/\">#sa\u00fadeocular<\/a><a href=\"https:\/\/www.instagram.com\/explore\/tags\/olhos\/\">#olhos<\/a><a href=\"https:\/\/www.instagram.com\/explore\/tags\/vis%C3%A3o\/\">#vis\u00e3o<\/a><a href=\"https:\/\/www.instagram.com\/explore\/tags\/oftalmologia\/\">#oftalmologia<\/a><a href=\"https:\/\/www.instagram.com\/explore\/tags\/checkupoftalmologia\/\">#checkupoftalmologia<\/a><\/p>\n","protected":false},"excerpt":{"rendered":"<p>Atualmente, no Brasil, h\u00e1 mais de 1,2 milh\u00e3o de cegos.A OMS (Organiza\u00e7\u00e3o Mundial de Sa\u00fade) estima que entre 60 e 80% das causas de cegueira s\u00e3o evit\u00e1veis e\/ou trat\u00e1veis.Na pr\u00e1tica, significa que em torno de 700 mil cegos brasileiros poderiam estar enxergando se tivessem sido tratados de forma eficaz e em tempo h\u00e1bil.Da\u00ed a import\u00e2ncia <a class=\"more-link\" href=\"https:\/\/draodiliaoftalmo.com.br\/index.php\/2020\/04\/18\/deficiencia-visual\/\">Leia mais&#8230; &raquo;<\/a><\/p>\n","protected":false},"author":2,"featured_media":0,"comment_status":"closed","ping_status":"closed","sticky":false,"template":"","format":"standard","meta":{"footnotes":""},"categories":[2],"tags":[],"class_list":["post-725","post","type-post","status-publish","format-standard","hentry","category-postagens"],"_links":{"self":[{"href":"https:\/\/draodiliaoftalmo.com.br\/index.php\/wp-json\/wp\/v2\/posts\/725","targetHints":{"allow":["GET"]}}],"collection":[{"href":"https:\/\/draodiliaoftalmo.com.br\/index.php\/wp-json\/wp\/v2\/posts"}],"about":[{"href":"https:\/\/draodiliaoftalmo.com.br\/index.php\/wp-json\/wp\/v2\/types\/post"}],"author":[{"embeddable":true,"href":"https:\/\/draodiliaoftalmo.com.br\/index.php\/wp-json\/wp\/v2\/users\/2"}],"replies":[{"embeddable":true,"href":"https:\/\/draodiliaoftalmo.com.br\/index.php\/wp-json\/wp\/v2\/comments?post=725"}],"version-history":[{"count":0,"href":"https:\/\/draodiliaoftalmo.com.br\/index.php\/wp-json\/wp\/v2\/posts\/725\/revisions"}],"wp:attachment":[{"href":"https:\/\/draodiliaoftalmo.com.br\/index.php\/wp-json\/wp\/v2\/media?parent=725"}],"wp:term":[{"taxonomy":"category","embeddable":true,"href":"https:\/\/draodiliaoftalmo.com.br\/index.php\/wp-json\/wp\/v2\/categories?post=725"},{"taxonomy":"post_tag","embeddable":true,"href":"https:\/\/draodiliaoftalmo.com.br\/index.php\/wp-json\/wp\/v2\/tags?post=725"}],"curies":[{"name":"wp","href":"https:\/\/api.w.org\/{rel}","templated":true}]}}