{"id":722,"date":"2020-04-18T15:37:19","date_gmt":"2020-04-18T18:37:19","guid":{"rendered":"http:\/\/checkupoftalmologia.com.br\/wp\/?p=722"},"modified":"2020-04-18T15:37:19","modified_gmt":"2020-04-18T18:37:19","slug":"consulta-oftalmologica-periodica","status":"publish","type":"post","link":"https:\/\/draodiliaoftalmo.com.br\/index.php\/2020\/04\/18\/consulta-oftalmologica-periodica\/","title":{"rendered":"Consulta oftalmol\u00f3gica peri\u00f3dica"},"content":{"rendered":"\n<figure class=\"wp-block-image size-large is-resized\"><img loading=\"lazy\" decoding=\"async\" src=\"http:\/\/checkupoftalmologia.com.br\/wp\/wp-content\/uploads\/2020\/04\/37524083_214216802599673_1360477014661791744_n.jpg\" alt=\"\" class=\"wp-image-723\" width=\"355\" height=\"296\" srcset=\"https:\/\/draodiliaoftalmo.com.br\/wp-content\/uploads\/2020\/04\/37524083_214216802599673_1360477014661791744_n.jpg 710w, https:\/\/draodiliaoftalmo.com.br\/wp-content\/uploads\/2020\/04\/37524083_214216802599673_1360477014661791744_n-300x250.jpg 300w\" sizes=\"auto, (max-width: 355px) 100vw, 355px\" \/><\/figure>\n\n\n\n<p>Algumas doen\u00e7as oculares s\u00e3o muito comuns na terceira idade, a exemplo do glaucoma, catarata, degenera\u00e7\u00e3o macular relacionada \u00e0 idade, doen\u00e7as venosas oclusivas da retina. Mas, nem sempre os sinais e sintomas s\u00e3o percebidos pelos idosos, o que acaba retardando o diagn\u00f3stico e dificultando o adequado tratamento.<br>Ent\u00e3o, o ideal \u00e9 fazer o check-up oft\u00e1lmico peri\u00f3dico, bem como manter h\u00e1bitos saud\u00e1veis de vida: alimenta\u00e7\u00e3o balanceada, praticar exerc\u00edcios f\u00edsicos, evitar tabagismo, controlar doen\u00e7as cr\u00f4nicas, como diabetes e hipertens\u00e3o arterial.<br>Cuide bem da sua vis\u00e3o!<br>Agende sua consulta pelo n\u00famero (83) 98812-9064.<\/p>\n\n\n\n<p><a href=\"https:\/\/www.instagram.com\/explore\/tags\/sa%C3%BAde\/\">#sa\u00fade<\/a><a href=\"https:\/\/www.instagram.com\/explore\/tags\/sa%C3%BAdeocular\/\">#sa\u00fadeocular<\/a><a href=\"https:\/\/www.instagram.com\/explore\/tags\/olhos\/\">#olhos<\/a><a href=\"https:\/\/www.instagram.com\/explore\/tags\/vis%C3%A3o\/\">#vis\u00e3o<\/a><a href=\"https:\/\/www.instagram.com\/explore\/tags\/oftalmologia\/\">#oftalmologia<\/a><a href=\"https:\/\/www.instagram.com\/explore\/tags\/checkupoftalmologia\/\">#checkupoftalmologia<\/a><a href=\"https:\/\/www.instagram.com\/explore\/tags\/intermares\/\">#intermares<\/a><a href=\"https:\/\/www.instagram.com\/explore\/tags\/cabedelo\/\">#cabedelo<\/a><a href=\"https:\/\/www.instagram.com\/explore\/tags\/agendesuaconsulta\/\">#agendesuaconsulta<\/a><\/p>\n","protected":false},"excerpt":{"rendered":"<p>Algumas doen\u00e7as oculares s\u00e3o muito comuns na terceira idade, a exemplo do glaucoma, catarata, degenera\u00e7\u00e3o macular relacionada \u00e0 idade, doen\u00e7as venosas oclusivas da retina. Mas, nem sempre os sinais e sintomas s\u00e3o percebidos pelos idosos, o que acaba retardando o diagn\u00f3stico e dificultando o adequado tratamento.Ent\u00e3o, o ideal \u00e9 fazer o check-up oft\u00e1lmico peri\u00f3dico, bem <a class=\"more-link\" href=\"https:\/\/draodiliaoftalmo.com.br\/index.php\/2020\/04\/18\/consulta-oftalmologica-periodica\/\">Leia mais&#8230; &raquo;<\/a><\/p>\n","protected":false},"author":2,"featured_media":0,"comment_status":"closed","ping_status":"closed","sticky":false,"template":"","format":"standard","meta":{"footnotes":""},"categories":[2],"tags":[],"class_list":["post-722","post","type-post","status-publish","format-standard","hentry","category-postagens"],"_links":{"self":[{"href":"https:\/\/draodiliaoftalmo.com.br\/index.php\/wp-json\/wp\/v2\/posts\/722","targetHints":{"allow":["GET"]}}],"collection":[{"href":"https:\/\/draodiliaoftalmo.com.br\/index.php\/wp-json\/wp\/v2\/posts"}],"about":[{"href":"https:\/\/draodiliaoftalmo.com.br\/index.php\/wp-json\/wp\/v2\/types\/post"}],"author":[{"embeddable":true,"href":"https:\/\/draodiliaoftalmo.com.br\/index.php\/wp-json\/wp\/v2\/users\/2"}],"replies":[{"embeddable":true,"href":"https:\/\/draodiliaoftalmo.com.br\/index.php\/wp-json\/wp\/v2\/comments?post=722"}],"version-history":[{"count":0,"href":"https:\/\/draodiliaoftalmo.com.br\/index.php\/wp-json\/wp\/v2\/posts\/722\/revisions"}],"wp:attachment":[{"href":"https:\/\/draodiliaoftalmo.com.br\/index.php\/wp-json\/wp\/v2\/media?parent=722"}],"wp:term":[{"taxonomy":"category","embeddable":true,"href":"https:\/\/draodiliaoftalmo.com.br\/index.php\/wp-json\/wp\/v2\/categories?post=722"},{"taxonomy":"post_tag","embeddable":true,"href":"https:\/\/draodiliaoftalmo.com.br\/index.php\/wp-json\/wp\/v2\/tags?post=722"}],"curies":[{"name":"wp","href":"https:\/\/api.w.org\/{rel}","templated":true}]}}