{"id":639,"date":"2020-04-18T10:09:53","date_gmt":"2020-04-18T13:09:53","guid":{"rendered":"http:\/\/checkupoftalmologia.com.br\/wp\/?p=639"},"modified":"2020-04-18T10:09:53","modified_gmt":"2020-04-18T13:09:53","slug":"riscos-oculares-relacionados-ao-alongamento-dos-cilios","status":"publish","type":"post","link":"https:\/\/draodiliaoftalmo.com.br\/index.php\/2020\/04\/18\/riscos-oculares-relacionados-ao-alongamento-dos-cilios\/","title":{"rendered":"Riscos oculares relacionados ao alongamento dos c\u00edlios"},"content":{"rendered":"\n<figure class=\"wp-block-image size-large\"><img loading=\"lazy\" decoding=\"async\" width=\"432\" height=\"432\" src=\"http:\/\/checkupoftalmologia.com.br\/wp\/wp-content\/uploads\/2020\/04\/cilios.jpg\" alt=\"\" class=\"wp-image-640\" srcset=\"https:\/\/draodiliaoftalmo.com.br\/wp-content\/uploads\/2020\/04\/cilios.jpg 432w, https:\/\/draodiliaoftalmo.com.br\/wp-content\/uploads\/2020\/04\/cilios-300x300.jpg 300w, https:\/\/draodiliaoftalmo.com.br\/wp-content\/uploads\/2020\/04\/cilios-150x150.jpg 150w\" sizes=\"auto, (max-width: 432px) 100vw, 432px\" \/><\/figure>\n\n\n\n<p>Conquistar um olhar poderoso com c\u00edlios volumosos, alongados e curvados \u00e9 o desejo de muitas mulheres.<\/p>\n\n\n\n<p>Tem se tornado comum o alongamento dos c\u00edlios onde fios sint\u00e9ticos s\u00e3o colados aos naturais, mas a t\u00e9cnica tem riscos e requer cuidados adequados.<\/p>\n\n\n\n<p>No m\u00e9todo de alongamento dos c\u00edlios, deve-se ter cuidado com a cola usada para fixa\u00e7\u00e3o, pois o contato com os olhos pode provocar alergia e at\u00e9 conjuntivite qu\u00edmica. H\u00e1 tamb\u00e9m o risco de blefarite, que \u00e9 uma inflama\u00e7\u00e3o cr\u00f4nica que afeta as p\u00e1lpebras, geralmente onde crescem os c\u00edlios.<\/p>\n\n\n\n<p>Outro risco poss\u00edvel \u00e9 que o peso dos c\u00edlios aplicados acelera o processo natural de queda dos c\u00edlios originais.<\/p>\n\n\n\n<p>\u00c9 necess\u00e1rio ficar atento a qualquer sinal de inflama\u00e7\u00e3o\/infec\u00e7\u00e3o e consultar o oftalmologista.<\/p>\n\n\n\n<p><a href=\"https:\/\/www.instagram.com\/explore\/tags\/sa%C3%BAde\/\">#sa\u00fade<\/a><a href=\"https:\/\/www.instagram.com\/explore\/tags\/sa%C3%BAdeocular\/\">#sa\u00fadeocular<\/a><a href=\"https:\/\/www.instagram.com\/explore\/tags\/olhos\/\">#olhos<\/a><a href=\"https:\/\/www.instagram.com\/explore\/tags\/vis%C3%A3o\/\">#vis\u00e3o<\/a><a href=\"https:\/\/www.instagram.com\/explore\/tags\/oftalmologia\/\">#oftalmologia<\/a><a href=\"https:\/\/www.instagram.com\/explore\/tags\/checkupoftalmologia\/\">#checkupoftalmologia<\/a><a href=\"https:\/\/www.instagram.com\/explore\/tags\/clinicacetaoficial\/\">#clinicacetaoficial<\/a><\/p>\n\n\n\n<p><a href=\"https:\/\/www.instagram.com\/clinicacetaoficial\/\">@clinicacetaoficial<\/a><\/p>\n","protected":false},"excerpt":{"rendered":"<p>Conquistar um olhar poderoso com c\u00edlios volumosos, alongados e curvados \u00e9 o desejo de muitas mulheres. Tem se tornado comum o alongamento dos c\u00edlios onde fios sint\u00e9ticos s\u00e3o colados aos naturais, mas a t\u00e9cnica tem riscos e requer cuidados adequados. No m\u00e9todo de alongamento dos c\u00edlios, deve-se ter cuidado com a cola usada para fixa\u00e7\u00e3o, <a class=\"more-link\" href=\"https:\/\/draodiliaoftalmo.com.br\/index.php\/2020\/04\/18\/riscos-oculares-relacionados-ao-alongamento-dos-cilios\/\">Leia mais&#8230; &raquo;<\/a><\/p>\n","protected":false},"author":2,"featured_media":0,"comment_status":"closed","ping_status":"closed","sticky":false,"template":"","format":"standard","meta":{"footnotes":""},"categories":[2],"tags":[],"class_list":["post-639","post","type-post","status-publish","format-standard","hentry","category-postagens"],"_links":{"self":[{"href":"https:\/\/draodiliaoftalmo.com.br\/index.php\/wp-json\/wp\/v2\/posts\/639","targetHints":{"allow":["GET"]}}],"collection":[{"href":"https:\/\/draodiliaoftalmo.com.br\/index.php\/wp-json\/wp\/v2\/posts"}],"about":[{"href":"https:\/\/draodiliaoftalmo.com.br\/index.php\/wp-json\/wp\/v2\/types\/post"}],"author":[{"embeddable":true,"href":"https:\/\/draodiliaoftalmo.com.br\/index.php\/wp-json\/wp\/v2\/users\/2"}],"replies":[{"embeddable":true,"href":"https:\/\/draodiliaoftalmo.com.br\/index.php\/wp-json\/wp\/v2\/comments?post=639"}],"version-history":[{"count":0,"href":"https:\/\/draodiliaoftalmo.com.br\/index.php\/wp-json\/wp\/v2\/posts\/639\/revisions"}],"wp:attachment":[{"href":"https:\/\/draodiliaoftalmo.com.br\/index.php\/wp-json\/wp\/v2\/media?parent=639"}],"wp:term":[{"taxonomy":"category","embeddable":true,"href":"https:\/\/draodiliaoftalmo.com.br\/index.php\/wp-json\/wp\/v2\/categories?post=639"},{"taxonomy":"post_tag","embeddable":true,"href":"https:\/\/draodiliaoftalmo.com.br\/index.php\/wp-json\/wp\/v2\/tags?post=639"}],"curies":[{"name":"wp","href":"https:\/\/api.w.org\/{rel}","templated":true}]}}