{"id":633,"date":"2020-04-18T10:04:02","date_gmt":"2020-04-18T13:04:02","guid":{"rendered":"http:\/\/checkupoftalmologia.com.br\/wp\/?p=633"},"modified":"2020-04-18T10:04:02","modified_gmt":"2020-04-18T13:04:02","slug":"o-uso-adequado-dos-colirios","status":"publish","type":"post","link":"https:\/\/draodiliaoftalmo.com.br\/index.php\/2020\/04\/18\/o-uso-adequado-dos-colirios\/","title":{"rendered":"O uso adequado dos col\u00edrios"},"content":{"rendered":"\n<figure class=\"wp-block-image size-large\"><img loading=\"lazy\" decoding=\"async\" width=\"324\" height=\"324\" src=\"http:\/\/checkupoftalmologia.com.br\/wp\/wp-content\/uploads\/2020\/04\/colirios.jpg\" alt=\"\" class=\"wp-image-634\" srcset=\"https:\/\/draodiliaoftalmo.com.br\/wp-content\/uploads\/2020\/04\/colirios.jpg 324w, https:\/\/draodiliaoftalmo.com.br\/wp-content\/uploads\/2020\/04\/colirios-300x300.jpg 300w, https:\/\/draodiliaoftalmo.com.br\/wp-content\/uploads\/2020\/04\/colirios-150x150.jpg 150w\" sizes=\"auto, (max-width: 324px) 100vw, 324px\" \/><\/figure>\n\n\n\n<p>Ao fazer uso de col\u00edrio, \u00e9 importante seguir algumas recomenda\u00e7\u00f5es:<\/p>\n\n\n\n<p>&#x1f44d;Lavar as m\u00e3os;<\/p>\n\n\n\n<p>&#x1f44d;Com a cabe\u00e7a inclinada para tr\u00e1s e olhando para cima, usar a ponta dos dedos e puxar suavemente a p\u00e1lpebra inferior para baixo at\u00e9 formar uma &#8220;bolsa&#8221;;<\/p>\n\n\n\n<p>&#x1f44d;Pingar uma gota de col\u00edrio sem deixar a ponta do frasco tocar nos olhos; <\/p>\n\n\n\n<p>&#x1f44d;Para aumentar a absor\u00e7\u00e3o, deve-se fechar suavemente os olhos durante 30 segundos; <\/p>\n\n\n\n<p>&#x1f44d;Obedecer a posologia, pingando o col\u00edrio no hor\u00e1rio, quantidade e dura\u00e7\u00e3o prescrita. <\/p>\n\n\n\n<p>&#x1f44d;Caso esteja usando mais de um col\u00edrio, manter um intervalo de 5 a 10 minutos entre as instila\u00e7\u00f5es;<\/p>\n\n\n\n<p>Lembre-se, todo col\u00edrio \u00e9 um medicamento e s\u00f3 deve ser usado com indica\u00e7\u00e3o m\u00e9dica.<\/p>\n\n\n\n<p><a href=\"https:\/\/www.instagram.com\/explore\/tags\/sa%C3%BAde\/\">#sa\u00fade<\/a><a href=\"https:\/\/www.instagram.com\/explore\/tags\/sa%C3%BAdeocular\/\">#sa\u00fadeocular<\/a><a href=\"https:\/\/www.instagram.com\/explore\/tags\/olhos\/\">#olhos<\/a><a href=\"https:\/\/www.instagram.com\/explore\/tags\/vis%C3%A3o\/\">#vis\u00e3o<\/a><a href=\"https:\/\/www.instagram.com\/explore\/tags\/oftalmologia\/\">#oftalmologia<\/a><a href=\"https:\/\/www.instagram.com\/explore\/tags\/checkupoftalmologia\/\">#checkupoftalmologia<\/a><\/p>\n","protected":false},"excerpt":{"rendered":"<p>Ao fazer uso de col\u00edrio, \u00e9 importante seguir algumas recomenda\u00e7\u00f5es: &#x1f44d;Lavar as m\u00e3os; &#x1f44d;Com a cabe\u00e7a inclinada para tr\u00e1s e olhando para cima, usar a ponta dos dedos e puxar suavemente a p\u00e1lpebra inferior para baixo at\u00e9 formar uma &#8220;bolsa&#8221;; &#x1f44d;Pingar uma gota de col\u00edrio sem deixar a ponta do frasco tocar nos olhos; &#x1f44d;Para <a class=\"more-link\" href=\"https:\/\/draodiliaoftalmo.com.br\/index.php\/2020\/04\/18\/o-uso-adequado-dos-colirios\/\">Leia mais&#8230; &raquo;<\/a><\/p>\n","protected":false},"author":2,"featured_media":0,"comment_status":"closed","ping_status":"closed","sticky":false,"template":"","format":"standard","meta":{"footnotes":""},"categories":[2],"tags":[],"class_list":["post-633","post","type-post","status-publish","format-standard","hentry","category-postagens"],"_links":{"self":[{"href":"https:\/\/draodiliaoftalmo.com.br\/index.php\/wp-json\/wp\/v2\/posts\/633","targetHints":{"allow":["GET"]}}],"collection":[{"href":"https:\/\/draodiliaoftalmo.com.br\/index.php\/wp-json\/wp\/v2\/posts"}],"about":[{"href":"https:\/\/draodiliaoftalmo.com.br\/index.php\/wp-json\/wp\/v2\/types\/post"}],"author":[{"embeddable":true,"href":"https:\/\/draodiliaoftalmo.com.br\/index.php\/wp-json\/wp\/v2\/users\/2"}],"replies":[{"embeddable":true,"href":"https:\/\/draodiliaoftalmo.com.br\/index.php\/wp-json\/wp\/v2\/comments?post=633"}],"version-history":[{"count":0,"href":"https:\/\/draodiliaoftalmo.com.br\/index.php\/wp-json\/wp\/v2\/posts\/633\/revisions"}],"wp:attachment":[{"href":"https:\/\/draodiliaoftalmo.com.br\/index.php\/wp-json\/wp\/v2\/media?parent=633"}],"wp:term":[{"taxonomy":"category","embeddable":true,"href":"https:\/\/draodiliaoftalmo.com.br\/index.php\/wp-json\/wp\/v2\/categories?post=633"},{"taxonomy":"post_tag","embeddable":true,"href":"https:\/\/draodiliaoftalmo.com.br\/index.php\/wp-json\/wp\/v2\/tags?post=633"}],"curies":[{"name":"wp","href":"https:\/\/api.w.org\/{rel}","templated":true}]}}