{"id":548,"date":"2019-03-19T07:10:21","date_gmt":"2019-03-19T10:10:21","guid":{"rendered":"http:\/\/checkupoftalmologia.com.br\/wp\/?p=548"},"modified":"2019-03-19T07:10:21","modified_gmt":"2019-03-19T10:10:21","slug":"ectropio-palpebral","status":"publish","type":"post","link":"https:\/\/draodiliaoftalmo.com.br\/index.php\/2019\/03\/19\/ectropio-palpebral\/","title":{"rendered":"Ectr\u00f3pio palpebral"},"content":{"rendered":"\n<figure class=\"wp-block-image is-resized\"><img loading=\"lazy\" decoding=\"async\" src=\"http:\/\/checkupoftalmologia.com.br\/wp\/wp-content\/uploads\/2019\/03\/53100574_143766706660606_15973838790967565_n1.jpg\" alt=\"\" class=\"wp-image-549\" width=\"473\" height=\"467\" srcset=\"https:\/\/draodiliaoftalmo.com.br\/wp-content\/uploads\/2019\/03\/53100574_143766706660606_15973838790967565_n1.jpg 719w, https:\/\/draodiliaoftalmo.com.br\/wp-content\/uploads\/2019\/03\/53100574_143766706660606_15973838790967565_n1-300x297.jpg 300w\" sizes=\"auto, (max-width: 473px) 100vw, 473px\" \/><\/figure>\n\n\n\n<p>O ectr\u00f3pio palpebral corresponde \u00e0 evers\u00e3o da p\u00e1lpebra inferior, podendo ocorrer de forma cong\u00eanita ou adquirida.<\/p>\n\n\n\n<p>A flacidez palpebral decorrente do envelhecimento \u00e9 a causa mais comum de ectr\u00f3pio.<\/p>\n\n\n\n<p>Os principais sintomas s\u00e3o: sensa\u00e7\u00e3o de olho seco, vermelhid\u00e3o, lacrimejamento e irrita\u00e7\u00e3o.<\/p>\n\n\n\n<p>O tratamento envolve uso de lubrificante, m\u00e1scara de dormir e corre\u00e7\u00e3o cir\u00fargica.<\/p>\n\n\n\n<p><a href=\"https:\/\/www.instagram.com\/explore\/tags\/sa%C3%BAde\/\">#sa\u00fade<\/a><a href=\"https:\/\/www.instagram.com\/explore\/tags\/sa%C3%BAdeocular\/\">#sa\u00fadeocular<\/a><a href=\"https:\/\/www.instagram.com\/explore\/tags\/vis%C3%A3o\/\">#vis\u00e3o<\/a><a href=\"https:\/\/www.instagram.com\/explore\/tags\/olhos\/\">#olhos<\/a><a href=\"https:\/\/www.instagram.com\/explore\/tags\/oftalmologia\/\">#oftalmologia<\/a><a href=\"https:\/\/www.instagram.com\/explore\/tags\/checkupoftalmologia\/\">#checkupoftalmologia<\/a><\/p>\n","protected":false},"excerpt":{"rendered":"<p>O ectr\u00f3pio palpebral corresponde \u00e0 evers\u00e3o da p\u00e1lpebra inferior, podendo ocorrer de forma cong\u00eanita ou adquirida. A flacidez palpebral decorrente do envelhecimento \u00e9 a causa mais comum de ectr\u00f3pio. Os principais sintomas s\u00e3o: sensa\u00e7\u00e3o de olho seco, vermelhid\u00e3o, lacrimejamento e irrita\u00e7\u00e3o. O tratamento envolve uso de lubrificante, m\u00e1scara de dormir e corre\u00e7\u00e3o cir\u00fargica. #sa\u00fade#sa\u00fadeocular#vis\u00e3o#olhos#oftalmologia#checkupoftalmologia<\/p>\n","protected":false},"author":2,"featured_media":0,"comment_status":"closed","ping_status":"closed","sticky":false,"template":"","format":"standard","meta":{"footnotes":""},"categories":[2],"tags":[],"class_list":["post-548","post","type-post","status-publish","format-standard","hentry","category-postagens"],"_links":{"self":[{"href":"https:\/\/draodiliaoftalmo.com.br\/index.php\/wp-json\/wp\/v2\/posts\/548","targetHints":{"allow":["GET"]}}],"collection":[{"href":"https:\/\/draodiliaoftalmo.com.br\/index.php\/wp-json\/wp\/v2\/posts"}],"about":[{"href":"https:\/\/draodiliaoftalmo.com.br\/index.php\/wp-json\/wp\/v2\/types\/post"}],"author":[{"embeddable":true,"href":"https:\/\/draodiliaoftalmo.com.br\/index.php\/wp-json\/wp\/v2\/users\/2"}],"replies":[{"embeddable":true,"href":"https:\/\/draodiliaoftalmo.com.br\/index.php\/wp-json\/wp\/v2\/comments?post=548"}],"version-history":[{"count":0,"href":"https:\/\/draodiliaoftalmo.com.br\/index.php\/wp-json\/wp\/v2\/posts\/548\/revisions"}],"wp:attachment":[{"href":"https:\/\/draodiliaoftalmo.com.br\/index.php\/wp-json\/wp\/v2\/media?parent=548"}],"wp:term":[{"taxonomy":"category","embeddable":true,"href":"https:\/\/draodiliaoftalmo.com.br\/index.php\/wp-json\/wp\/v2\/categories?post=548"},{"taxonomy":"post_tag","embeddable":true,"href":"https:\/\/draodiliaoftalmo.com.br\/index.php\/wp-json\/wp\/v2\/tags?post=548"}],"curies":[{"name":"wp","href":"https:\/\/api.w.org\/{rel}","templated":true}]}}