{"id":49,"date":"2017-05-23T08:32:27","date_gmt":"2017-05-23T11:32:27","guid":{"rendered":"http:\/\/checkupoftalmologia.com.br\/wp\/?p=49"},"modified":"2017-05-23T08:32:27","modified_gmt":"2017-05-23T11:32:27","slug":"olho-seco","status":"publish","type":"post","link":"https:\/\/draodiliaoftalmo.com.br\/index.php\/2017\/05\/23\/olho-seco\/","title":{"rendered":"Olho seco"},"content":{"rendered":"<p>Olho seco \u00e9 um problema corriqueiro nos consult\u00f3rios de oftalmologia. \u00c9 sempre bom aprender um pouco sobre ressecamento e irrita\u00e7\u00e3o ocular.<a href=\"http:\/\/checkupoftalmologia.com.br\/wp\/wp-content\/uploads\/2017\/05\/\u00edndice.jpeg\"><img loading=\"lazy\" decoding=\"async\" class=\"size-full wp-image-50 alignright\" src=\"http:\/\/checkupoftalmologia.com.br\/wp\/wp-content\/uploads\/2017\/05\/\u00edndice.jpeg\" alt=\"\" width=\"249\" height=\"202\" \/><\/a><\/p>\n<p><a href=\"http:\/\/www.visaoemdia.com.br\/olho-seco.php\">http:\/\/www.visaoemdia.com.br\/olho-seco.php<\/a><\/p>\n","protected":false},"excerpt":{"rendered":"<p>Olho seco \u00e9 um problema corriqueiro nos consult\u00f3rios de oftalmologia. \u00c9 sempre bom aprender um pouco sobre ressecamento e irrita\u00e7\u00e3o ocular. http:\/\/www.visaoemdia.com.br\/olho-seco.php<\/p>\n","protected":false},"author":2,"featured_media":0,"comment_status":"closed","ping_status":"closed","sticky":false,"template":"","format":"standard","meta":{"footnotes":""},"categories":[2],"tags":[],"class_list":["post-49","post","type-post","status-publish","format-standard","hentry","category-postagens"],"_links":{"self":[{"href":"https:\/\/draodiliaoftalmo.com.br\/index.php\/wp-json\/wp\/v2\/posts\/49","targetHints":{"allow":["GET"]}}],"collection":[{"href":"https:\/\/draodiliaoftalmo.com.br\/index.php\/wp-json\/wp\/v2\/posts"}],"about":[{"href":"https:\/\/draodiliaoftalmo.com.br\/index.php\/wp-json\/wp\/v2\/types\/post"}],"author":[{"embeddable":true,"href":"https:\/\/draodiliaoftalmo.com.br\/index.php\/wp-json\/wp\/v2\/users\/2"}],"replies":[{"embeddable":true,"href":"https:\/\/draodiliaoftalmo.com.br\/index.php\/wp-json\/wp\/v2\/comments?post=49"}],"version-history":[{"count":0,"href":"https:\/\/draodiliaoftalmo.com.br\/index.php\/wp-json\/wp\/v2\/posts\/49\/revisions"}],"wp:attachment":[{"href":"https:\/\/draodiliaoftalmo.com.br\/index.php\/wp-json\/wp\/v2\/media?parent=49"}],"wp:term":[{"taxonomy":"category","embeddable":true,"href":"https:\/\/draodiliaoftalmo.com.br\/index.php\/wp-json\/wp\/v2\/categories?post=49"},{"taxonomy":"post_tag","embeddable":true,"href":"https:\/\/draodiliaoftalmo.com.br\/index.php\/wp-json\/wp\/v2\/tags?post=49"}],"curies":[{"name":"wp","href":"https:\/\/api.w.org\/{rel}","templated":true}]}}