{"id":46,"date":"2017-05-23T08:26:12","date_gmt":"2017-05-23T11:26:12","guid":{"rendered":"http:\/\/checkupoftalmologia.com.br\/wp\/?p=46"},"modified":"2017-05-23T08:26:12","modified_gmt":"2017-05-23T11:26:12","slug":"glaucoma","status":"publish","type":"post","link":"https:\/\/draodiliaoftalmo.com.br\/index.php\/2017\/05\/23\/glaucoma\/","title":{"rendered":"Glaucoma"},"content":{"rendered":"<p>Temos muitos pacientes com glaucoma. \u00c9 sempre bom comentar a respeito dessa doen\u00e7a cr\u00f4nica.<\/p>\n<p>O glaucoma \u00e9 uma doen\u00e7a que afeta mais de 60 milh\u00f5es de pessoas no mundo e atualmente a maioria dos pacientes s\u00f3 \u00e9 diagnosticada ap\u00f3s perder pelo menos um ter\u00e7o<span class=\"text_exposed_show\"> da vis\u00e3o. <span class=\"_5mfr _47e3\"><img loading=\"lazy\" decoding=\"async\" class=\"img\" src=\"https:\/\/www.facebook.com\/images\/emoji.php\/v8\/fd3\/1\/16\/2639.png\" alt=\"\" width=\"16\" height=\"16\" \/><span class=\"_7oe\">&#x2639;&#xfe0f;<\/span><\/span> <\/span><\/p>\n<div class=\"text_exposed_show\">\n<p>Enquanto este exame revolucion\u00e1rio est\u00e1 em fase de testes, mantenha o compromisso de fazer aquela visita ao m\u00e9dico oftalmologista pelo menos uma vez ao ano, certo?! <span class=\"_47e3 _5mfr\" title=\"Emoticon wink\"><img loading=\"lazy\" decoding=\"async\" class=\"img\" src=\"https:\/\/www.facebook.com\/images\/emoji.php\/v8\/f57\/1\/16\/1f609.png\" alt=\"\" width=\"16\" height=\"16\" \/><span class=\"_7oe\">\ud83d\ude09<\/span><\/span> O diagn\u00f3stico precoce faz toda a diferen\u00e7a para o tratamento.<\/p>\n<p><a href=\"https:\/\/www.facebook.com\/CBOvejabem\">https:\/\/www.facebook.com\/CBOvejabem<\/a><\/p>\n<p>\u25ba D\u00ea o play para ver a mat\u00e9ria completa do Jornal da Record. <span class=\"_5mfr _47e3\"><img loading=\"lazy\" decoding=\"async\" class=\"img\" src=\"https:\/\/www.facebook.com\/images\/emoji.php\/v8\/f87\/1\/16\/1f4fa.png\" alt=\"\" width=\"16\" height=\"16\" \/><span class=\"_7oe\">?<\/span><\/span><\/p>\n<p><iframe loading=\"lazy\" width=\"780\" height=\"439\" src=\"https:\/\/www.youtube.com\/embed\/sOu8I2REuL8?feature=oembed\" frameborder=\"0\" allow=\"accelerometer; autoplay; encrypted-media; gyroscope; picture-in-picture\" allowfullscreen><\/iframe><\/p>\n<\/div>\n","protected":false},"excerpt":{"rendered":"<p>Temos muitos pacientes com glaucoma. \u00c9 sempre bom comentar a respeito dessa doen\u00e7a cr\u00f4nica. O glaucoma \u00e9 uma doen\u00e7a que afeta mais de 60 milh\u00f5es de pessoas no mundo e atualmente a maioria dos pacientes s\u00f3 \u00e9 diagnosticada ap\u00f3s perder pelo menos um ter\u00e7o da vis\u00e3o. &#x2639;&#xfe0f; Enquanto este exame revolucion\u00e1rio est\u00e1 em fase de <a class=\"more-link\" href=\"https:\/\/draodiliaoftalmo.com.br\/index.php\/2017\/05\/23\/glaucoma\/\">Leia mais&#8230; &raquo;<\/a><\/p>\n","protected":false},"author":2,"featured_media":0,"comment_status":"closed","ping_status":"closed","sticky":false,"template":"","format":"standard","meta":{"footnotes":""},"categories":[2],"tags":[],"class_list":["post-46","post","type-post","status-publish","format-standard","hentry","category-postagens"],"_links":{"self":[{"href":"https:\/\/draodiliaoftalmo.com.br\/index.php\/wp-json\/wp\/v2\/posts\/46","targetHints":{"allow":["GET"]}}],"collection":[{"href":"https:\/\/draodiliaoftalmo.com.br\/index.php\/wp-json\/wp\/v2\/posts"}],"about":[{"href":"https:\/\/draodiliaoftalmo.com.br\/index.php\/wp-json\/wp\/v2\/types\/post"}],"author":[{"embeddable":true,"href":"https:\/\/draodiliaoftalmo.com.br\/index.php\/wp-json\/wp\/v2\/users\/2"}],"replies":[{"embeddable":true,"href":"https:\/\/draodiliaoftalmo.com.br\/index.php\/wp-json\/wp\/v2\/comments?post=46"}],"version-history":[{"count":0,"href":"https:\/\/draodiliaoftalmo.com.br\/index.php\/wp-json\/wp\/v2\/posts\/46\/revisions"}],"wp:attachment":[{"href":"https:\/\/draodiliaoftalmo.com.br\/index.php\/wp-json\/wp\/v2\/media?parent=46"}],"wp:term":[{"taxonomy":"category","embeddable":true,"href":"https:\/\/draodiliaoftalmo.com.br\/index.php\/wp-json\/wp\/v2\/categories?post=46"},{"taxonomy":"post_tag","embeddable":true,"href":"https:\/\/draodiliaoftalmo.com.br\/index.php\/wp-json\/wp\/v2\/tags?post=46"}],"curies":[{"name":"wp","href":"https:\/\/api.w.org\/{rel}","templated":true}]}}