{"id":379,"date":"2018-09-25T09:42:42","date_gmt":"2018-09-25T12:42:42","guid":{"rendered":"http:\/\/checkupoftalmologia.com.br\/wp\/?p=379"},"modified":"2018-09-25T09:42:42","modified_gmt":"2018-09-25T12:42:42","slug":"blefarite-2","status":"publish","type":"post","link":"https:\/\/draodiliaoftalmo.com.br\/index.php\/2018\/09\/25\/blefarite-2\/","title":{"rendered":"Blefarite"},"content":{"rendered":"<p><a href=\"http:\/\/checkupoftalmologia.com.br\/wp\/wp-content\/uploads\/2018\/09\/35575078_220241118807216_8760496015431172096_n1.jpg\"><img loading=\"lazy\" decoding=\"async\" class=\"alignnone size-medium wp-image-380\" src=\"http:\/\/checkupoftalmologia.com.br\/wp\/wp-content\/uploads\/2018\/09\/35575078_220241118807216_8760496015431172096_n1-300x300.jpg\" alt=\"\" width=\"300\" height=\"300\" srcset=\"https:\/\/draodiliaoftalmo.com.br\/wp-content\/uploads\/2018\/09\/35575078_220241118807216_8760496015431172096_n1-300x300.jpg 300w, https:\/\/draodiliaoftalmo.com.br\/wp-content\/uploads\/2018\/09\/35575078_220241118807216_8760496015431172096_n1-150x150.jpg 150w, https:\/\/draodiliaoftalmo.com.br\/wp-content\/uploads\/2018\/09\/35575078_220241118807216_8760496015431172096_n1.jpg 712w\" sizes=\"auto, (max-width: 300px) 100vw, 300px\" \/><\/a><\/p>\n<p>A blefarite \u00e9 muito comum e geralmente \u00e9 causada por uma coloniza\u00e7\u00e3o exagerada das p\u00e1lpebras por bact\u00e9rias da flora normal da pele. Pode causar coceira, irrita\u00e7\u00e3o, fotofobia, lacrimejamento e sensa\u00e7\u00e3o de areia nos olhos.<\/p>\n<p>O tratamento envolve higieniza\u00e7\u00e3o di\u00e1ria dos c\u00edlios e compressa morna, bem como lubrificante e antibi\u00f3tico, se necess\u00e1rio.<\/p>\n<p><a href=\"https:\/\/www.instagram.com\/explore\/tags\/sa%C3%BAde\/\">#sa\u00fade<\/a>\u00a0<a href=\"https:\/\/www.instagram.com\/explore\/tags\/sa%C3%BAdeocular\/\">#sa\u00fadeocular<\/a>\u00a0<a href=\"https:\/\/www.instagram.com\/explore\/tags\/olhos\/\">#olhos<\/a>\u00a0<a href=\"https:\/\/www.instagram.com\/explore\/tags\/vis%C3%A3o\/\">#vis\u00e3o<\/a><a href=\"https:\/\/www.instagram.com\/explore\/tags\/oftalmologia\/\">#oftalmologia<\/a>\u00a0<a href=\"https:\/\/www.instagram.com\/explore\/tags\/checkupoftalmologia\/\">#checkupoftalmologia<\/a><a href=\"https:\/\/www.instagram.com\/explore\/tags\/cabedelo\/\">#cabedelo<\/a>\u00a0<a href=\"https:\/\/www.instagram.com\/explore\/tags\/intermares\/\">#intermares<\/a>\u00a0<a href=\"https:\/\/www.instagram.com\/explore\/tags\/agendesuaconsulta\/\">#agendesuaconsulta<\/a><\/p>\n","protected":false},"excerpt":{"rendered":"<p>A blefarite \u00e9 muito comum e geralmente \u00e9 causada por uma coloniza\u00e7\u00e3o exagerada das p\u00e1lpebras por bact\u00e9rias da flora normal da pele. Pode causar coceira, irrita\u00e7\u00e3o, fotofobia, lacrimejamento e sensa\u00e7\u00e3o de areia nos olhos. O tratamento envolve higieniza\u00e7\u00e3o di\u00e1ria dos c\u00edlios e compressa morna, bem como lubrificante e antibi\u00f3tico, se necess\u00e1rio. #sa\u00fade\u00a0#sa\u00fadeocular\u00a0#olhos\u00a0#vis\u00e3o#oftalmologia\u00a0#checkupoftalmologia#cabedelo\u00a0#intermares\u00a0#agendesuaconsulta<\/p>\n","protected":false},"author":2,"featured_media":0,"comment_status":"closed","ping_status":"closed","sticky":false,"template":"","format":"standard","meta":{"footnotes":""},"categories":[2],"tags":[],"class_list":["post-379","post","type-post","status-publish","format-standard","hentry","category-postagens"],"_links":{"self":[{"href":"https:\/\/draodiliaoftalmo.com.br\/index.php\/wp-json\/wp\/v2\/posts\/379","targetHints":{"allow":["GET"]}}],"collection":[{"href":"https:\/\/draodiliaoftalmo.com.br\/index.php\/wp-json\/wp\/v2\/posts"}],"about":[{"href":"https:\/\/draodiliaoftalmo.com.br\/index.php\/wp-json\/wp\/v2\/types\/post"}],"author":[{"embeddable":true,"href":"https:\/\/draodiliaoftalmo.com.br\/index.php\/wp-json\/wp\/v2\/users\/2"}],"replies":[{"embeddable":true,"href":"https:\/\/draodiliaoftalmo.com.br\/index.php\/wp-json\/wp\/v2\/comments?post=379"}],"version-history":[{"count":0,"href":"https:\/\/draodiliaoftalmo.com.br\/index.php\/wp-json\/wp\/v2\/posts\/379\/revisions"}],"wp:attachment":[{"href":"https:\/\/draodiliaoftalmo.com.br\/index.php\/wp-json\/wp\/v2\/media?parent=379"}],"wp:term":[{"taxonomy":"category","embeddable":true,"href":"https:\/\/draodiliaoftalmo.com.br\/index.php\/wp-json\/wp\/v2\/categories?post=379"},{"taxonomy":"post_tag","embeddable":true,"href":"https:\/\/draodiliaoftalmo.com.br\/index.php\/wp-json\/wp\/v2\/tags?post=379"}],"curies":[{"name":"wp","href":"https:\/\/api.w.org\/{rel}","templated":true}]}}