{"id":373,"date":"2018-09-25T09:37:25","date_gmt":"2018-09-25T12:37:25","guid":{"rendered":"http:\/\/checkupoftalmologia.com.br\/wp\/?p=373"},"modified":"2018-09-25T09:37:25","modified_gmt":"2018-09-25T12:37:25","slug":"lentes-dos-oculos","status":"publish","type":"post","link":"https:\/\/draodiliaoftalmo.com.br\/index.php\/2018\/09\/25\/lentes-dos-oculos\/","title":{"rendered":"Filtros e tratamentos das lentes corretoras"},"content":{"rendered":"<p><a href=\"http:\/\/checkupoftalmologia.com.br\/wp\/wp-content\/uploads\/2018\/09\/33375365_179364202782427_8952096898802515968_n1.jpg\"><img loading=\"lazy\" decoding=\"async\" class=\"alignnone size-medium wp-image-374\" src=\"http:\/\/checkupoftalmologia.com.br\/wp\/wp-content\/uploads\/2018\/09\/33375365_179364202782427_8952096898802515968_n1-300x300.jpg\" alt=\"\" width=\"300\" height=\"300\" srcset=\"https:\/\/draodiliaoftalmo.com.br\/wp-content\/uploads\/2018\/09\/33375365_179364202782427_8952096898802515968_n1-300x300.jpg 300w, https:\/\/draodiliaoftalmo.com.br\/wp-content\/uploads\/2018\/09\/33375365_179364202782427_8952096898802515968_n1-150x150.jpg 150w, https:\/\/draodiliaoftalmo.com.br\/wp-content\/uploads\/2018\/09\/33375365_179364202782427_8952096898802515968_n1.jpg 712w\" sizes=\"auto, (max-width: 300px) 100vw, 300px\" \/><\/a><\/p>\n<p>Muitos pacientes perguntam sobre as caracter\u00edsticas das lentes dos \u00f3culos, sendo importante esclarecer alguns termos, como:<\/p>\n<p>Tratamento antirreflexo: diminui a sensa\u00e7\u00e3o de ofuscamento que pode ocorrer quando a luz bate na face posterior da lente e reflete nos olhos.<\/p>\n<p>Tratamento anti-risco: aumenta a resist\u00eancia das lentes \u00e0s pequenas abras\u00f5es que podem surgir com o uso.<\/p>\n<p>Lentes fotossens\u00edveis ou fotocrom\u00e1ticas: escurecem na presen\u00e7a de raios UV.<\/p>\n<p>Filtro vermelho: reduz fotofobia e dificuldade de adapta\u00e7\u00e3o no escuro.<\/p>\n<p>Filtro amarelo: aumenta a sensa\u00e7\u00e3o de contraste. \u00c9 ideal em situa\u00e7\u00f5es de pouca luminosidade, por exemplo, ao entardecer.<\/p>\n<p>Filtro azul: prote\u00e7\u00e3o contra varia\u00e7\u00e3o de luminosidade artificial. Ideal, por exemplo, para quem trabalha ou estuda no computador muitas horas por dia.<\/p>\n<p><a href=\"https:\/\/www.instagram.com\/explore\/tags\/sa%C3%BAde\/\">#sa\u00fade<\/a>\u00a0<a href=\"https:\/\/www.instagram.com\/explore\/tags\/sa%C3%BAdeocular\/\">#sa\u00fadeocular<\/a>\u00a0<a href=\"https:\/\/www.instagram.com\/explore\/tags\/olhos\/\">#olhos<\/a>\u00a0<a href=\"https:\/\/www.instagram.com\/explore\/tags\/vis%C3%A3o\/\">#vis\u00e3o<\/a><a href=\"https:\/\/www.instagram.com\/explore\/tags\/oftalmologia\/\">#oftalmologia<\/a>\u00a0<a href=\"https:\/\/www.instagram.com\/explore\/tags\/checkupoftalmogia\/\">#checkupoftalmogia<\/a><a href=\"https:\/\/www.instagram.com\/explore\/tags\/intermares\/\">#intermares<\/a>\u00a0<a href=\"https:\/\/www.instagram.com\/explore\/tags\/cabedelo\/\">#cabedelo<\/a><a href=\"https:\/\/www.instagram.com\/explore\/tags\/deolhonapara%C3%ADba\/\">#deolhonapara\u00edba<\/a><\/p>\n","protected":false},"excerpt":{"rendered":"<p>Muitos pacientes perguntam sobre as caracter\u00edsticas das lentes dos \u00f3culos, sendo importante esclarecer alguns termos, como: Tratamento antirreflexo: diminui a sensa\u00e7\u00e3o de ofuscamento que pode ocorrer quando a luz bate na face posterior da lente e reflete nos olhos. Tratamento anti-risco: aumenta a resist\u00eancia das lentes \u00e0s pequenas abras\u00f5es que podem surgir com o uso. <a class=\"more-link\" href=\"https:\/\/draodiliaoftalmo.com.br\/index.php\/2018\/09\/25\/lentes-dos-oculos\/\">Leia mais&#8230; &raquo;<\/a><\/p>\n","protected":false},"author":2,"featured_media":0,"comment_status":"closed","ping_status":"closed","sticky":false,"template":"","format":"standard","meta":{"footnotes":""},"categories":[2],"tags":[],"class_list":["post-373","post","type-post","status-publish","format-standard","hentry","category-postagens"],"_links":{"self":[{"href":"https:\/\/draodiliaoftalmo.com.br\/index.php\/wp-json\/wp\/v2\/posts\/373","targetHints":{"allow":["GET"]}}],"collection":[{"href":"https:\/\/draodiliaoftalmo.com.br\/index.php\/wp-json\/wp\/v2\/posts"}],"about":[{"href":"https:\/\/draodiliaoftalmo.com.br\/index.php\/wp-json\/wp\/v2\/types\/post"}],"author":[{"embeddable":true,"href":"https:\/\/draodiliaoftalmo.com.br\/index.php\/wp-json\/wp\/v2\/users\/2"}],"replies":[{"embeddable":true,"href":"https:\/\/draodiliaoftalmo.com.br\/index.php\/wp-json\/wp\/v2\/comments?post=373"}],"version-history":[{"count":0,"href":"https:\/\/draodiliaoftalmo.com.br\/index.php\/wp-json\/wp\/v2\/posts\/373\/revisions"}],"wp:attachment":[{"href":"https:\/\/draodiliaoftalmo.com.br\/index.php\/wp-json\/wp\/v2\/media?parent=373"}],"wp:term":[{"taxonomy":"category","embeddable":true,"href":"https:\/\/draodiliaoftalmo.com.br\/index.php\/wp-json\/wp\/v2\/categories?post=373"},{"taxonomy":"post_tag","embeddable":true,"href":"https:\/\/draodiliaoftalmo.com.br\/index.php\/wp-json\/wp\/v2\/tags?post=373"}],"curies":[{"name":"wp","href":"https:\/\/api.w.org\/{rel}","templated":true}]}}