{"id":369,"date":"2018-09-25T07:36:26","date_gmt":"2018-09-25T10:36:26","guid":{"rendered":"http:\/\/checkupoftalmologia.com.br\/wp\/?p=369"},"modified":"2018-09-25T07:36:26","modified_gmt":"2018-09-25T10:36:26","slug":"ceratocone-2","status":"publish","type":"post","link":"https:\/\/draodiliaoftalmo.com.br\/index.php\/2018\/09\/25\/ceratocone-2\/","title":{"rendered":"Ceratocone"},"content":{"rendered":"<p><img loading=\"lazy\" decoding=\"async\" class=\"alignnone wp-image-806 size-medium\" src=\"https:\/\/draodiliaoftalmo.com.br\/wp-content\/uploads\/2018\/09\/33120613_1829370014035012_186836729552961536_n1-1-252x300.jpg\" alt=\"\" width=\"252\" height=\"300\" srcset=\"https:\/\/draodiliaoftalmo.com.br\/wp-content\/uploads\/2018\/09\/33120613_1829370014035012_186836729552961536_n1-1-252x300.jpg 252w, https:\/\/draodiliaoftalmo.com.br\/wp-content\/uploads\/2018\/09\/33120613_1829370014035012_186836729552961536_n1-1.jpg 486w\" sizes=\"auto, (max-width: 252px) 100vw, 252px\" \/><\/p>\n<p>O ceratocone inicia-se na puberdade e caracteriza-se pela altera\u00e7\u00e3o no formato e espessura da c\u00f3rnea, que fica pontuda e fina. O principal sintoma \u00e9 a vis\u00e3o borrada. As causas ainda n\u00e3o est\u00e3o totalmente determinadas, mas acredita-se que a doen\u00e7a esteja relacionada ao h\u00e1bito frequente de co\u00e7ar os olhos e \u00e0 fatores gen\u00e9ticos.<\/p>\n<p><a href=\"https:\/\/www.instagram.com\/explore\/tags\/sa%C3%BAde\/\">#sa\u00fade<\/a>\u00a0<a href=\"https:\/\/www.instagram.com\/explore\/tags\/sa%C3%BAdeocular\/\">#sa\u00fadeocular<\/a>\u00a0<a href=\"https:\/\/www.instagram.com\/explore\/tags\/olhos\/\">#olhos<\/a>\u00a0<a href=\"https:\/\/www.instagram.com\/explore\/tags\/vis%C3%A3o\/\">#vis\u00e3o<\/a><a href=\"https:\/\/www.instagram.com\/explore\/tags\/oftalmologia\/\">#oftalmologia<\/a>\u00a0<a href=\"https:\/\/www.instagram.com\/explore\/tags\/checkupoftalmogia\/\">#checkupoftalmogia<\/a><a href=\"https:\/\/www.instagram.com\/explore\/tags\/intermares\/\">#intermares<\/a>\u00a0<a href=\"https:\/\/www.instagram.com\/explore\/tags\/cabedelo\/\">#cabedelo<\/a><\/p>\n","protected":false},"excerpt":{"rendered":"<p>O ceratocone inicia-se na puberdade e caracteriza-se pela altera\u00e7\u00e3o no formato e espessura da c\u00f3rnea, que fica pontuda e fina. O principal sintoma \u00e9 a vis\u00e3o borrada. As causas ainda n\u00e3o est\u00e3o totalmente determinadas, mas acredita-se que a doen\u00e7a esteja relacionada ao h\u00e1bito frequente de co\u00e7ar os olhos e \u00e0 fatores gen\u00e9ticos. #sa\u00fade\u00a0#sa\u00fadeocular\u00a0#olhos\u00a0#vis\u00e3o#oftalmologia\u00a0#checkupoftalmogia#intermares\u00a0#cabedelo<\/p>\n","protected":false},"author":2,"featured_media":0,"comment_status":"closed","ping_status":"closed","sticky":false,"template":"","format":"standard","meta":{"footnotes":""},"categories":[2],"tags":[],"class_list":["post-369","post","type-post","status-publish","format-standard","hentry","category-postagens"],"_links":{"self":[{"href":"https:\/\/draodiliaoftalmo.com.br\/index.php\/wp-json\/wp\/v2\/posts\/369","targetHints":{"allow":["GET"]}}],"collection":[{"href":"https:\/\/draodiliaoftalmo.com.br\/index.php\/wp-json\/wp\/v2\/posts"}],"about":[{"href":"https:\/\/draodiliaoftalmo.com.br\/index.php\/wp-json\/wp\/v2\/types\/post"}],"author":[{"embeddable":true,"href":"https:\/\/draodiliaoftalmo.com.br\/index.php\/wp-json\/wp\/v2\/users\/2"}],"replies":[{"embeddable":true,"href":"https:\/\/draodiliaoftalmo.com.br\/index.php\/wp-json\/wp\/v2\/comments?post=369"}],"version-history":[{"count":0,"href":"https:\/\/draodiliaoftalmo.com.br\/index.php\/wp-json\/wp\/v2\/posts\/369\/revisions"}],"wp:attachment":[{"href":"https:\/\/draodiliaoftalmo.com.br\/index.php\/wp-json\/wp\/v2\/media?parent=369"}],"wp:term":[{"taxonomy":"category","embeddable":true,"href":"https:\/\/draodiliaoftalmo.com.br\/index.php\/wp-json\/wp\/v2\/categories?post=369"},{"taxonomy":"post_tag","embeddable":true,"href":"https:\/\/draodiliaoftalmo.com.br\/index.php\/wp-json\/wp\/v2\/tags?post=369"}],"curies":[{"name":"wp","href":"https:\/\/api.w.org\/{rel}","templated":true}]}}