{"id":346,"date":"2018-04-24T07:09:57","date_gmt":"2018-04-24T10:09:57","guid":{"rendered":"http:\/\/checkupoftalmologia.com.br\/wp\/?p=346"},"modified":"2018-04-24T07:09:57","modified_gmt":"2018-04-24T10:09:57","slug":"glaucoma-4","status":"publish","type":"post","link":"https:\/\/draodiliaoftalmo.com.br\/index.php\/2018\/04\/24\/glaucoma-4\/","title":{"rendered":"Glaucoma"},"content":{"rendered":"<p><a href=\"http:\/\/checkupoftalmologia.com.br\/wp\/wp-content\/uploads\/2018\/04\/Sem-t\u00edtulo-1.png\"><img loading=\"lazy\" decoding=\"async\" class=\"alignnone  wp-image-347\" src=\"http:\/\/checkupoftalmologia.com.br\/wp\/wp-content\/uploads\/2018\/04\/Sem-t\u00edtulo-1.png\" alt=\"\" width=\"494\" height=\"443\"><\/a><\/p>\n<p>Nesse m\u00eas de preven\u00e7\u00e3o \u00e0 cegueira (denominado Abril Marrom), o tema abordado, hoje, \u00e9 o glaucoma.<\/p>\n<p>Aproximadamente 70% dos pacientes glaucomatosos n\u00e3o tratam a doen\u00e7a, pois, grande parte deles nem sabe que \u00e9 portador de glaucoma. Isso ocorre, porque a maioria n\u00e3o faz exames preventivos e, sendo o glaucoma uma doen\u00e7a silenciosa (at\u00e9 que se inicie a perda da vis\u00e3o perif\u00e9rica), o diagn\u00f3stico muitas vezes j\u00e1 \u00e9 tardio.<\/p>\n<p>Dessa forma, o check-up preventivo e o tratamento precoce e correto s\u00e3o grandes aliados no combate ao glaucoma.<\/p>\n<p>Um alerta importante \u00e9 que, se o glaucoma n\u00e3o for tratado de forma adequada, pode levar \u00e0 cegueira irrevers\u00edvel.<\/p>\n<p><a href=\"https:\/\/www.instagram.com\/explore\/tags\/sa%C3%BAde\/\">#sa\u00fade<\/a><a href=\"https:\/\/www.instagram.com\/explore\/tags\/sa%C3%BAdeocular\/\">#sa\u00fadeocular<\/a><a href=\"https:\/\/www.instagram.com\/explore\/tags\/olhos\/\">#olhos<\/a><a href=\"https:\/\/www.instagram.com\/explore\/tags\/vis%C3%A3o\/\">#vis\u00e3o<\/a><a href=\"https:\/\/www.instagram.com\/explore\/tags\/oftalmologia\/\">#oftalmologia<\/a><a href=\"https:\/\/www.instagram.com\/explore\/tags\/checkupoftalmologia\/\">#checkupoftalmologia<\/a><a href=\"https:\/\/www.instagram.com\/explore\/tags\/abrilmarrom\/\">#abrilmarrom<\/a><\/p>\n","protected":false},"excerpt":{"rendered":"<p>Nesse m\u00eas de preven\u00e7\u00e3o \u00e0 cegueira (denominado Abril Marrom), o tema abordado, hoje, \u00e9 o glaucoma. Aproximadamente 70% dos pacientes glaucomatosos n\u00e3o tratam a doen\u00e7a, pois, grande parte deles nem sabe que \u00e9 portador de glaucoma. Isso ocorre, porque a maioria n\u00e3o faz exames preventivos e, sendo o glaucoma uma doen\u00e7a silenciosa (at\u00e9 que se <a class=\"more-link\" href=\"https:\/\/draodiliaoftalmo.com.br\/index.php\/2018\/04\/24\/glaucoma-4\/\">Leia mais&#8230; &raquo;<\/a><\/p>\n","protected":false},"author":2,"featured_media":0,"comment_status":"closed","ping_status":"closed","sticky":false,"template":"","format":"standard","meta":{"footnotes":""},"categories":[2],"tags":[],"class_list":["post-346","post","type-post","status-publish","format-standard","hentry","category-postagens"],"_links":{"self":[{"href":"https:\/\/draodiliaoftalmo.com.br\/index.php\/wp-json\/wp\/v2\/posts\/346","targetHints":{"allow":["GET"]}}],"collection":[{"href":"https:\/\/draodiliaoftalmo.com.br\/index.php\/wp-json\/wp\/v2\/posts"}],"about":[{"href":"https:\/\/draodiliaoftalmo.com.br\/index.php\/wp-json\/wp\/v2\/types\/post"}],"author":[{"embeddable":true,"href":"https:\/\/draodiliaoftalmo.com.br\/index.php\/wp-json\/wp\/v2\/users\/2"}],"replies":[{"embeddable":true,"href":"https:\/\/draodiliaoftalmo.com.br\/index.php\/wp-json\/wp\/v2\/comments?post=346"}],"version-history":[{"count":0,"href":"https:\/\/draodiliaoftalmo.com.br\/index.php\/wp-json\/wp\/v2\/posts\/346\/revisions"}],"wp:attachment":[{"href":"https:\/\/draodiliaoftalmo.com.br\/index.php\/wp-json\/wp\/v2\/media?parent=346"}],"wp:term":[{"taxonomy":"category","embeddable":true,"href":"https:\/\/draodiliaoftalmo.com.br\/index.php\/wp-json\/wp\/v2\/categories?post=346"},{"taxonomy":"post_tag","embeddable":true,"href":"https:\/\/draodiliaoftalmo.com.br\/index.php\/wp-json\/wp\/v2\/tags?post=346"}],"curies":[{"name":"wp","href":"https:\/\/api.w.org\/{rel}","templated":true}]}}