{"id":343,"date":"2018-04-24T07:08:06","date_gmt":"2018-04-24T10:08:06","guid":{"rendered":"http:\/\/checkupoftalmologia.com.br\/wp\/?p=343"},"modified":"2018-04-24T07:08:06","modified_gmt":"2018-04-24T10:08:06","slug":"retinopatia-diabetica-2","status":"publish","type":"post","link":"https:\/\/draodiliaoftalmo.com.br\/index.php\/2018\/04\/24\/retinopatia-diabetica-2\/","title":{"rendered":"Retinopatia Diab\u00e9tica"},"content":{"rendered":"<p><a href=\"http:\/\/checkupoftalmologia.com.br\/wp\/wp-content\/uploads\/2018\/04\/Sem-t\u00edtulo.png\"><img loading=\"lazy\" decoding=\"async\" class=\"alignnone  wp-image-344\" src=\"http:\/\/checkupoftalmologia.com.br\/wp\/wp-content\/uploads\/2018\/04\/Sem-t\u00edtulo.png\" alt=\"\" width=\"441\" height=\"309\"><\/a><\/p>\n<p>Nesse m\u00eas (denominado abril marrom), vamos comentar sobre as principais causas de cegueira, a exemplo da catarata, glaucoma e retinopatia diab\u00e9tica, que, hoje, \u00e9 o tema.<br \/>\nNo Brasil, estima-se mais de 18 milh\u00f5es de diab\u00e9ticos.<\/p>\n<p>Uma complica\u00e7\u00e3o comum decorrente da diabetes \u00e9 a retinopatia diab\u00e9tica que pode levar a perda total ou parcial da vis\u00e3o.<\/p>\n<p>Como forma de preven\u00e7\u00e3o, \u00e9 necess\u00e1rio que o paciente diab\u00e9tico mantenha o adequado controle glic\u00eamico (taxa de a\u00e7\u00facar no sangue) e realize acompanhamento peri\u00f3dico com o oftalmologista para investigar sinais de retinopatia diab\u00e9tica, a exemplo de manchas na vis\u00e3o que podem ser indicativas de hemorragias na retina (como se observa na foto acima).<\/p>\n<p>O diagn\u00f3stico da retinopatia diab\u00e9tica em est\u00e1gio inicial \u00e9 essencial para o sucesso do tratamento e<br \/>\npreserva\u00e7\u00e3o da vis\u00e3o.<\/p>\n<p><a href=\"https:\/\/www.instagram.com\/explore\/tags\/sa%C3%BAde\/\">#sa\u00fade<\/a>&nbsp;<a href=\"https:\/\/www.instagram.com\/explore\/tags\/sa%C3%BAdeocular\/\">#sa\u00fadeocular<\/a>&nbsp;<a href=\"https:\/\/www.instagram.com\/explore\/tags\/olhos\/\">#olhos<\/a><a href=\"https:\/\/www.instagram.com\/explore\/tags\/vis%C3%A3o\/\">#vis\u00e3o<\/a><a href=\"https:\/\/www.instagram.com\/explore\/tags\/oftalmologia\/\">#oftalmologia<\/a><a href=\"https:\/\/www.instagram.com\/explore\/tags\/checkupoftalmologia\/\">#checkupoftalmologia<\/a><\/p>\n","protected":false},"excerpt":{"rendered":"<p>Nesse m\u00eas (denominado abril marrom), vamos comentar sobre as principais causas de cegueira, a exemplo da catarata, glaucoma e retinopatia diab\u00e9tica, que, hoje, \u00e9 o tema. No Brasil, estima-se mais de 18 milh\u00f5es de diab\u00e9ticos. Uma complica\u00e7\u00e3o comum decorrente da diabetes \u00e9 a retinopatia diab\u00e9tica que pode levar a perda total ou parcial da vis\u00e3o. <a class=\"more-link\" href=\"https:\/\/draodiliaoftalmo.com.br\/index.php\/2018\/04\/24\/retinopatia-diabetica-2\/\">Leia mais&#8230; &raquo;<\/a><\/p>\n","protected":false},"author":2,"featured_media":0,"comment_status":"closed","ping_status":"closed","sticky":false,"template":"","format":"standard","meta":{"footnotes":""},"categories":[2],"tags":[],"class_list":["post-343","post","type-post","status-publish","format-standard","hentry","category-postagens"],"_links":{"self":[{"href":"https:\/\/draodiliaoftalmo.com.br\/index.php\/wp-json\/wp\/v2\/posts\/343","targetHints":{"allow":["GET"]}}],"collection":[{"href":"https:\/\/draodiliaoftalmo.com.br\/index.php\/wp-json\/wp\/v2\/posts"}],"about":[{"href":"https:\/\/draodiliaoftalmo.com.br\/index.php\/wp-json\/wp\/v2\/types\/post"}],"author":[{"embeddable":true,"href":"https:\/\/draodiliaoftalmo.com.br\/index.php\/wp-json\/wp\/v2\/users\/2"}],"replies":[{"embeddable":true,"href":"https:\/\/draodiliaoftalmo.com.br\/index.php\/wp-json\/wp\/v2\/comments?post=343"}],"version-history":[{"count":0,"href":"https:\/\/draodiliaoftalmo.com.br\/index.php\/wp-json\/wp\/v2\/posts\/343\/revisions"}],"wp:attachment":[{"href":"https:\/\/draodiliaoftalmo.com.br\/index.php\/wp-json\/wp\/v2\/media?parent=343"}],"wp:term":[{"taxonomy":"category","embeddable":true,"href":"https:\/\/draodiliaoftalmo.com.br\/index.php\/wp-json\/wp\/v2\/categories?post=343"},{"taxonomy":"post_tag","embeddable":true,"href":"https:\/\/draodiliaoftalmo.com.br\/index.php\/wp-json\/wp\/v2\/tags?post=343"}],"curies":[{"name":"wp","href":"https:\/\/api.w.org\/{rel}","templated":true}]}}