{"id":340,"date":"2018-04-24T07:05:08","date_gmt":"2018-04-24T10:05:08","guid":{"rendered":"http:\/\/checkupoftalmologia.com.br\/wp\/?p=340"},"modified":"2018-04-24T07:05:08","modified_gmt":"2018-04-24T10:05:08","slug":"conjuntivite-2","status":"publish","type":"post","link":"https:\/\/draodiliaoftalmo.com.br\/index.php\/2018\/04\/24\/conjuntivite-2\/","title":{"rendered":"Conjuntivite"},"content":{"rendered":"<p><a href=\"http:\/\/checkupoftalmologia.com.br\/wp\/wp-content\/uploads\/2018\/04\/tipos-conjuntivite-cbco.jpg\"><img loading=\"lazy\" decoding=\"async\" class=\"alignnone  wp-image-341\" src=\"http:\/\/checkupoftalmologia.com.br\/wp\/wp-content\/uploads\/2018\/04\/tipos-conjuntivite-cbco.jpg\" alt=\"\" width=\"441\" height=\"449\" srcset=\"https:\/\/draodiliaoftalmo.com.br\/wp-content\/uploads\/2018\/04\/tipos-conjuntivite-cbco.jpg 1515w, https:\/\/draodiliaoftalmo.com.br\/wp-content\/uploads\/2018\/04\/tipos-conjuntivite-cbco-295x300.jpg 295w, https:\/\/draodiliaoftalmo.com.br\/wp-content\/uploads\/2018\/04\/tipos-conjuntivite-cbco-1007x1024.jpg 1007w, https:\/\/draodiliaoftalmo.com.br\/wp-content\/uploads\/2018\/04\/tipos-conjuntivite-cbco-768x781.jpg 768w, https:\/\/draodiliaoftalmo.com.br\/wp-content\/uploads\/2018\/04\/tipos-conjuntivite-cbco-1511x1536.jpg 1511w\" sizes=\"auto, (max-width: 441px) 100vw, 441px\" \/><\/a><\/p>\n<p>A conjuntivite pode ser de origem viral (mais comum), bacteriana, al\u00e9rgica ou t\u00f3xica.<br \/>\nOs sintomas mais frequentes s\u00e3o: olhos vermelhos, irrita\u00e7\u00e3o ocular, sensa\u00e7\u00e3o de areia nos olhos, incha\u00e7o nas p\u00e1lpebras, intoler\u00e2ncia \u00e0 luz, lacrimejamento e aumento da secre\u00e7\u00e3o ocular.<\/p>\n<p>Algumas dicas para evitar a transmiss\u00e3o: lavar as m\u00e3os com frequ\u00eancia, n\u00e3o co\u00e7ar os olhos, n\u00e3o compartilhar objetos pessoais (exs: maquiagem, \u00f3culos, toalhas), evitar banhos de mar\/piscina, preferir locais sem aglomera\u00e7\u00e3o de pessoas.<\/p>\n<p>\u00c9 importante destacar que a Vigil\u00e2ncia Epidemiol\u00f3gica est\u00e1 alertando sobre o surto de conjuntivite em Jo\u00e3o Pessoa, onde, foram registrados, na rede p\u00fablica, 422 casos, apenas nos 3 primeiros meses do ano.<\/p>\n<p>Na presen\u00e7a de algum desses sintomas, agende sua consulta oftalmol\u00f3gica. Lembre-se, n\u00e3o use col\u00edrio sem prescri\u00e7\u00e3o m\u00e9dica.<\/p>\n<p><a href=\"https:\/\/www.instagram.com\/explore\/tags\/sa%C3%BAde\/\">#sa\u00fade<\/a><a href=\"https:\/\/www.instagram.com\/explore\/tags\/sa%C3%BAdeocular\/\">#sa\u00fadeocular<\/a><a href=\"https:\/\/www.instagram.com\/explore\/tags\/olhos\/\">#olhos<\/a><a href=\"https:\/\/www.instagram.com\/explore\/tags\/vis%C3%A3o\/\">#vis\u00e3o<\/a><a href=\"https:\/\/www.instagram.com\/explore\/tags\/oftalmologia\/\">#oftalmologia<\/a><a href=\"https:\/\/www.instagram.com\/explore\/tags\/checkupoftalmologia\/\">#checkupoftalmologia<\/a><\/p>\n","protected":false},"excerpt":{"rendered":"<p>A conjuntivite pode ser de origem viral (mais comum), bacteriana, al\u00e9rgica ou t\u00f3xica. Os sintomas mais frequentes s\u00e3o: olhos vermelhos, irrita\u00e7\u00e3o ocular, sensa\u00e7\u00e3o de areia nos olhos, incha\u00e7o nas p\u00e1lpebras, intoler\u00e2ncia \u00e0 luz, lacrimejamento e aumento da secre\u00e7\u00e3o ocular. Algumas dicas para evitar a transmiss\u00e3o: lavar as m\u00e3os com frequ\u00eancia, n\u00e3o co\u00e7ar os olhos, n\u00e3o <a class=\"more-link\" href=\"https:\/\/draodiliaoftalmo.com.br\/index.php\/2018\/04\/24\/conjuntivite-2\/\">Leia mais&#8230; &raquo;<\/a><\/p>\n","protected":false},"author":2,"featured_media":0,"comment_status":"closed","ping_status":"closed","sticky":false,"template":"","format":"standard","meta":{"footnotes":""},"categories":[2],"tags":[],"class_list":["post-340","post","type-post","status-publish","format-standard","hentry","category-postagens"],"_links":{"self":[{"href":"https:\/\/draodiliaoftalmo.com.br\/index.php\/wp-json\/wp\/v2\/posts\/340","targetHints":{"allow":["GET"]}}],"collection":[{"href":"https:\/\/draodiliaoftalmo.com.br\/index.php\/wp-json\/wp\/v2\/posts"}],"about":[{"href":"https:\/\/draodiliaoftalmo.com.br\/index.php\/wp-json\/wp\/v2\/types\/post"}],"author":[{"embeddable":true,"href":"https:\/\/draodiliaoftalmo.com.br\/index.php\/wp-json\/wp\/v2\/users\/2"}],"replies":[{"embeddable":true,"href":"https:\/\/draodiliaoftalmo.com.br\/index.php\/wp-json\/wp\/v2\/comments?post=340"}],"version-history":[{"count":0,"href":"https:\/\/draodiliaoftalmo.com.br\/index.php\/wp-json\/wp\/v2\/posts\/340\/revisions"}],"wp:attachment":[{"href":"https:\/\/draodiliaoftalmo.com.br\/index.php\/wp-json\/wp\/v2\/media?parent=340"}],"wp:term":[{"taxonomy":"category","embeddable":true,"href":"https:\/\/draodiliaoftalmo.com.br\/index.php\/wp-json\/wp\/v2\/categories?post=340"},{"taxonomy":"post_tag","embeddable":true,"href":"https:\/\/draodiliaoftalmo.com.br\/index.php\/wp-json\/wp\/v2\/tags?post=340"}],"curies":[{"name":"wp","href":"https:\/\/api.w.org\/{rel}","templated":true}]}}