{"id":330,"date":"2018-03-12T09:18:10","date_gmt":"2018-03-12T12:18:10","guid":{"rendered":"http:\/\/checkupoftalmologia.com.br\/wp\/?p=330"},"modified":"2018-03-12T09:18:10","modified_gmt":"2018-03-12T12:18:10","slug":"astigmatismo-2","status":"publish","type":"post","link":"https:\/\/draodiliaoftalmo.com.br\/index.php\/2018\/03\/12\/astigmatismo-2\/","title":{"rendered":"Astigmatismo"},"content":{"rendered":"<p><a href=\"http:\/\/checkupoftalmologia.com.br\/wp\/wp-content\/uploads\/2018\/03\/28752369_339764249863939_6025892416832143360_n.jpg\"><img loading=\"lazy\" decoding=\"async\" class=\"alignnone  wp-image-331\" src=\"http:\/\/checkupoftalmologia.com.br\/wp\/wp-content\/uploads\/2018\/03\/28752369_339764249863939_6025892416832143360_n.jpg\" alt=\"\" width=\"447\" height=\"447\" srcset=\"https:\/\/draodiliaoftalmo.com.br\/wp-content\/uploads\/2018\/03\/28752369_339764249863939_6025892416832143360_n.jpg 611w, https:\/\/draodiliaoftalmo.com.br\/wp-content\/uploads\/2018\/03\/28752369_339764249863939_6025892416832143360_n-300x300.jpg 300w, https:\/\/draodiliaoftalmo.com.br\/wp-content\/uploads\/2018\/03\/28752369_339764249863939_6025892416832143360_n-150x150.jpg 150w\" sizes=\"auto, (max-width: 447px) 100vw, 447px\" \/><\/a><\/p>\n<p>O astigmatismo \u00e9 uma irregularidade no formato da c\u00f3rnea que pode provocar uma diminui\u00e7\u00e3o tanto na vis\u00e3o de longe, quanto na vis\u00e3o de perto.<\/p>\n<p>Pode causar dor de cabe\u00e7a, lacrimejamento, fotossensibilidade (sensibilidade \u00e0 luz), emba\u00e7amento, vis\u00e3o borrada ou desfocada.<\/p>\n<p>\u00c9 poss\u00edvel corrigir o astigmatismo com \u00f3culos, lente de contato ou cirurgia refrativa, conforme avalia\u00e7\u00e3o do oftalmologista.<\/p>\n<p><a href=\"https:\/\/www.instagram.com\/explore\/tags\/sa\u00fade\/\">#sa\u00fade<\/a> <a href=\"https:\/\/www.instagram.com\/explore\/tags\/sa\u00fadeocular\/\">#sa\u00fadeocular<\/a> <a href=\"https:\/\/www.instagram.com\/explore\/tags\/olhos\/\">#olhos<\/a> <a href=\"https:\/\/www.instagram.com\/explore\/tags\/vis\u00e3o\/\">#vis\u00e3o<\/a> <a href=\"https:\/\/www.instagram.com\/explore\/tags\/oftalmologia\/\">#oftalmologia<\/a> <a href=\"https:\/\/www.instagram.com\/explore\/tags\/checkupoftalmologia\/\">#checkupoftalmologia<\/a><\/p>\n","protected":false},"excerpt":{"rendered":"<p>O astigmatismo \u00e9 uma irregularidade no formato da c\u00f3rnea que pode provocar uma diminui\u00e7\u00e3o tanto na vis\u00e3o de longe, quanto na vis\u00e3o de perto. Pode causar dor de cabe\u00e7a, lacrimejamento, fotossensibilidade (sensibilidade \u00e0 luz), emba\u00e7amento, vis\u00e3o borrada ou desfocada. \u00c9 poss\u00edvel corrigir o astigmatismo com \u00f3culos, lente de contato ou cirurgia refrativa, conforme avalia\u00e7\u00e3o do <a class=\"more-link\" href=\"https:\/\/draodiliaoftalmo.com.br\/index.php\/2018\/03\/12\/astigmatismo-2\/\">Leia mais&#8230; &raquo;<\/a><\/p>\n","protected":false},"author":2,"featured_media":0,"comment_status":"closed","ping_status":"closed","sticky":false,"template":"","format":"standard","meta":{"footnotes":""},"categories":[2],"tags":[],"class_list":["post-330","post","type-post","status-publish","format-standard","hentry","category-postagens"],"_links":{"self":[{"href":"https:\/\/draodiliaoftalmo.com.br\/index.php\/wp-json\/wp\/v2\/posts\/330","targetHints":{"allow":["GET"]}}],"collection":[{"href":"https:\/\/draodiliaoftalmo.com.br\/index.php\/wp-json\/wp\/v2\/posts"}],"about":[{"href":"https:\/\/draodiliaoftalmo.com.br\/index.php\/wp-json\/wp\/v2\/types\/post"}],"author":[{"embeddable":true,"href":"https:\/\/draodiliaoftalmo.com.br\/index.php\/wp-json\/wp\/v2\/users\/2"}],"replies":[{"embeddable":true,"href":"https:\/\/draodiliaoftalmo.com.br\/index.php\/wp-json\/wp\/v2\/comments?post=330"}],"version-history":[{"count":0,"href":"https:\/\/draodiliaoftalmo.com.br\/index.php\/wp-json\/wp\/v2\/posts\/330\/revisions"}],"wp:attachment":[{"href":"https:\/\/draodiliaoftalmo.com.br\/index.php\/wp-json\/wp\/v2\/media?parent=330"}],"wp:term":[{"taxonomy":"category","embeddable":true,"href":"https:\/\/draodiliaoftalmo.com.br\/index.php\/wp-json\/wp\/v2\/categories?post=330"},{"taxonomy":"post_tag","embeddable":true,"href":"https:\/\/draodiliaoftalmo.com.br\/index.php\/wp-json\/wp\/v2\/tags?post=330"}],"curies":[{"name":"wp","href":"https:\/\/api.w.org\/{rel}","templated":true}]}}