{"id":315,"date":"2018-02-20T08:36:12","date_gmt":"2018-02-20T11:36:12","guid":{"rendered":"http:\/\/checkupoftalmologia.com.br\/wp\/?p=315"},"modified":"2018-02-20T08:36:12","modified_gmt":"2018-02-20T11:36:12","slug":"glaucoma-3","status":"publish","type":"post","link":"https:\/\/draodiliaoftalmo.com.br\/index.php\/2018\/02\/20\/glaucoma-3\/","title":{"rendered":"Glaucoma"},"content":{"rendered":"<p><a href=\"http:\/\/checkupoftalmologia.com.br\/wp\/wp-content\/uploads\/2018\/02\/Screenshot-2018-2-20-Check-Up-Oftalmologia-checkupoftalmologia-\u2022-Fotos-e-v\u00eddeos-do-Instagram2.png\"><img loading=\"lazy\" decoding=\"async\" class=\"alignnone size-full wp-image-316\" src=\"http:\/\/checkupoftalmologia.com.br\/wp\/wp-content\/uploads\/2018\/02\/Screenshot-2018-2-20-Check-Up-Oftalmologia-checkupoftalmologia-\u2022-Fotos-e-v\u00eddeos-do-Instagram2.png\" alt=\"\" width=\"597\" height=\"318\" \/><\/a><\/p>\n<p>O glaucoma \u00e9 uma doen\u00e7a do nervo \u00f3ptico que, se n\u00e3o tratada adequadamente, pode levar \u00e0 cegueira.<\/p>\n<p>Os principais fatores de risco associados ao glaucoma s\u00e3o:<br \/>\n&#8211; Press\u00e3o intraocular elevada;<br \/>\n&#8211; Idade avan\u00e7ada;<br \/>\n&#8211; Hist\u00f3ria familiar;<br \/>\n&#8211; Ra\u00e7a negra;<br \/>\n&#8211; Espessura central da c\u00f3rnea fina;<br \/>\n&#8211; Diabetes tipo 2;<br \/>\n&#8211; Miopia<\/p>\n<p>Agende seu check-up preventivo.<\/p>\n<p><a href=\"https:\/\/www.instagram.com\/explore\/tags\/sa\u00fade\/\">#sa\u00fade<\/a><a href=\"https:\/\/www.instagram.com\/explore\/tags\/sa\u00fadeocular\/\">#sa\u00fadeocular<\/a><a href=\"https:\/\/www.instagram.com\/explore\/tags\/olhos\/\">#olhos<\/a><a href=\"https:\/\/www.instagram.com\/explore\/tags\/vis\u00e3o\/\">#vis\u00e3o<\/a><a href=\"https:\/\/www.instagram.com\/explore\/tags\/oftalmologia\/\">#oftalmologia<\/a><a href=\"https:\/\/www.instagram.com\/explore\/tags\/checkupoftalmologia\/\">#checkupoftalmologia<\/a><\/p>\n","protected":false},"excerpt":{"rendered":"<p>O glaucoma \u00e9 uma doen\u00e7a do nervo \u00f3ptico que, se n\u00e3o tratada adequadamente, pode levar \u00e0 cegueira. Os principais fatores de risco associados ao glaucoma s\u00e3o: &#8211; Press\u00e3o intraocular elevada; &#8211; Idade avan\u00e7ada; &#8211; Hist\u00f3ria familiar; &#8211; Ra\u00e7a negra; &#8211; Espessura central da c\u00f3rnea fina; &#8211; Diabetes tipo 2; &#8211; Miopia Agende seu check-up preventivo. <a class=\"more-link\" href=\"https:\/\/draodiliaoftalmo.com.br\/index.php\/2018\/02\/20\/glaucoma-3\/\">Leia mais&#8230; &raquo;<\/a><\/p>\n","protected":false},"author":2,"featured_media":0,"comment_status":"closed","ping_status":"closed","sticky":false,"template":"","format":"standard","meta":{"footnotes":""},"categories":[2],"tags":[],"class_list":["post-315","post","type-post","status-publish","format-standard","hentry","category-postagens"],"_links":{"self":[{"href":"https:\/\/draodiliaoftalmo.com.br\/index.php\/wp-json\/wp\/v2\/posts\/315","targetHints":{"allow":["GET"]}}],"collection":[{"href":"https:\/\/draodiliaoftalmo.com.br\/index.php\/wp-json\/wp\/v2\/posts"}],"about":[{"href":"https:\/\/draodiliaoftalmo.com.br\/index.php\/wp-json\/wp\/v2\/types\/post"}],"author":[{"embeddable":true,"href":"https:\/\/draodiliaoftalmo.com.br\/index.php\/wp-json\/wp\/v2\/users\/2"}],"replies":[{"embeddable":true,"href":"https:\/\/draodiliaoftalmo.com.br\/index.php\/wp-json\/wp\/v2\/comments?post=315"}],"version-history":[{"count":0,"href":"https:\/\/draodiliaoftalmo.com.br\/index.php\/wp-json\/wp\/v2\/posts\/315\/revisions"}],"wp:attachment":[{"href":"https:\/\/draodiliaoftalmo.com.br\/index.php\/wp-json\/wp\/v2\/media?parent=315"}],"wp:term":[{"taxonomy":"category","embeddable":true,"href":"https:\/\/draodiliaoftalmo.com.br\/index.php\/wp-json\/wp\/v2\/categories?post=315"},{"taxonomy":"post_tag","embeddable":true,"href":"https:\/\/draodiliaoftalmo.com.br\/index.php\/wp-json\/wp\/v2\/tags?post=315"}],"curies":[{"name":"wp","href":"https:\/\/api.w.org\/{rel}","templated":true}]}}