{"id":303,"date":"2018-01-26T10:05:55","date_gmt":"2018-01-26T13:05:55","guid":{"rendered":"http:\/\/checkupoftalmologia.com.br\/wp\/?p=303"},"modified":"2018-01-26T10:05:55","modified_gmt":"2018-01-26T13:05:55","slug":"oculos-de-sol","status":"publish","type":"post","link":"https:\/\/draodiliaoftalmo.com.br\/index.php\/2018\/01\/26\/oculos-de-sol\/","title":{"rendered":"\u00d3culos de sol"},"content":{"rendered":"<p><a href=\"http:\/\/checkupoftalmologia.com.br\/wp\/wp-content\/uploads\/2018\/01\/checkup.png\"><img loading=\"lazy\" decoding=\"async\" class=\"alignnone size-full wp-image-307\" src=\"http:\/\/checkupoftalmologia.com.br\/wp\/wp-content\/uploads\/2018\/01\/checkup.png\" alt=\"\" width=\"602\" height=\"397\" srcset=\"https:\/\/draodiliaoftalmo.com.br\/wp-content\/uploads\/2018\/01\/checkup.png 602w, https:\/\/draodiliaoftalmo.com.br\/wp-content\/uploads\/2018\/01\/checkup-300x198.png 300w\" sizes=\"auto, (max-width: 602px) 100vw, 602px\" \/><\/a><\/p>\n<p>Os \u00f3culos de sol com filtro de prote\u00e7\u00e3o contra a radia\u00e7\u00e3o ultravioleta protegem os olhos dos danos causados pela exposi\u00e7\u00e3o \u00e0 luz solar.<\/p>\n<p>Os raios UV podem causar tanto problemas agudos, como cr\u00f4nicos ou cumulativos.<br \/>\nAs principais altera\u00e7\u00f5es agudas s\u00e3o as ceratites, doen\u00e7as na c\u00f3rnea que podem ocorrer 6 a 12 horas ap\u00f3s a exposi\u00e7\u00e3o solar, causando irrita\u00e7\u00e3o, dor, fotofobia, lacrimejamento e diminui\u00e7\u00e3o da vis\u00e3o.<\/p>\n<p>As altera\u00e7\u00f5es cumulativas podem ocorrer na conjuntiva (conjuntivite cr\u00f4nica, degenera\u00e7\u00f5es), c\u00f3rnea (pter\u00edgio, ceratite cr\u00f4nica), cristalino ( catarata, presbiopia precoce), retina (altera\u00e7\u00e3o na vis\u00e3o de cores, degenera\u00e7\u00e3o macular), p\u00e1lpebras (tumores, envelhecimento da pele).<\/p>\n<p><a href=\"https:\/\/www.instagram.com\/explore\/tags\/sa\u00fade\/\">#sa\u00fade<\/a><a href=\"https:\/\/www.instagram.com\/explore\/tags\/sa\u00fadeocular\/\">#sa\u00fadeocular<\/a><a href=\"https:\/\/www.instagram.com\/explore\/tags\/olhos\/\">#olhos<\/a><a href=\"https:\/\/www.instagram.com\/explore\/tags\/vis\u00e3o\/\">#vis\u00e3o<\/a><a href=\"https:\/\/www.instagram.com\/explore\/tags\/oftalmologia\/\">#oftalmologia<\/a><a href=\"https:\/\/www.instagram.com\/explore\/tags\/checkupoftalmologia\/\">#checkupoftalmologia<\/a><\/p>\n","protected":false},"excerpt":{"rendered":"<p>Os \u00f3culos de sol com filtro de prote\u00e7\u00e3o contra a radia\u00e7\u00e3o ultravioleta protegem os olhos dos danos causados pela exposi\u00e7\u00e3o \u00e0 luz solar. Os raios UV podem causar tanto problemas agudos, como cr\u00f4nicos ou cumulativos. As principais altera\u00e7\u00f5es agudas s\u00e3o as ceratites, doen\u00e7as na c\u00f3rnea que podem ocorrer 6 a 12 horas ap\u00f3s a exposi\u00e7\u00e3o <a class=\"more-link\" href=\"https:\/\/draodiliaoftalmo.com.br\/index.php\/2018\/01\/26\/oculos-de-sol\/\">Leia mais&#8230; &raquo;<\/a><\/p>\n","protected":false},"author":2,"featured_media":0,"comment_status":"closed","ping_status":"closed","sticky":false,"template":"","format":"standard","meta":{"footnotes":""},"categories":[2],"tags":[],"class_list":["post-303","post","type-post","status-publish","format-standard","hentry","category-postagens"],"_links":{"self":[{"href":"https:\/\/draodiliaoftalmo.com.br\/index.php\/wp-json\/wp\/v2\/posts\/303","targetHints":{"allow":["GET"]}}],"collection":[{"href":"https:\/\/draodiliaoftalmo.com.br\/index.php\/wp-json\/wp\/v2\/posts"}],"about":[{"href":"https:\/\/draodiliaoftalmo.com.br\/index.php\/wp-json\/wp\/v2\/types\/post"}],"author":[{"embeddable":true,"href":"https:\/\/draodiliaoftalmo.com.br\/index.php\/wp-json\/wp\/v2\/users\/2"}],"replies":[{"embeddable":true,"href":"https:\/\/draodiliaoftalmo.com.br\/index.php\/wp-json\/wp\/v2\/comments?post=303"}],"version-history":[{"count":0,"href":"https:\/\/draodiliaoftalmo.com.br\/index.php\/wp-json\/wp\/v2\/posts\/303\/revisions"}],"wp:attachment":[{"href":"https:\/\/draodiliaoftalmo.com.br\/index.php\/wp-json\/wp\/v2\/media?parent=303"}],"wp:term":[{"taxonomy":"category","embeddable":true,"href":"https:\/\/draodiliaoftalmo.com.br\/index.php\/wp-json\/wp\/v2\/categories?post=303"},{"taxonomy":"post_tag","embeddable":true,"href":"https:\/\/draodiliaoftalmo.com.br\/index.php\/wp-json\/wp\/v2\/tags?post=303"}],"curies":[{"name":"wp","href":"https:\/\/api.w.org\/{rel}","templated":true}]}}