{"id":297,"date":"2018-01-16T09:52:54","date_gmt":"2018-01-16T12:52:54","guid":{"rendered":"http:\/\/checkupoftalmologia.com.br\/wp\/?p=297"},"modified":"2018-01-16T09:52:54","modified_gmt":"2018-01-16T12:52:54","slug":"oculos-ou-lentes-de-contato","status":"publish","type":"post","link":"https:\/\/draodiliaoftalmo.com.br\/index.php\/2018\/01\/16\/oculos-ou-lentes-de-contato\/","title":{"rendered":"\u00d3culos x lentes de contato"},"content":{"rendered":"<p><a href=\"http:\/\/checkupoftalmologia.com.br\/wp\/wp-content\/uploads\/2018\/01\/olho-3.png\"><img loading=\"lazy\" decoding=\"async\" class=\"alignnone size-medium wp-image-298\" src=\"http:\/\/checkupoftalmologia.com.br\/wp\/wp-content\/uploads\/2018\/01\/olho-3-300x196.png\" alt=\"\" width=\"300\" height=\"196\" srcset=\"https:\/\/draodiliaoftalmo.com.br\/wp-content\/uploads\/2018\/01\/olho-3-300x196.png 300w, https:\/\/draodiliaoftalmo.com.br\/wp-content\/uploads\/2018\/01\/olho-3.png 600w\" sizes=\"auto, (max-width: 300px) 100vw, 300px\" \/><\/a><\/p>\n<p>Muitos pacientes perguntam qual o melhor, \u00f3culos ou lentes de contato para corrigir o grau.<br \/>\nA resposta \u00e9 vari\u00e1vel, pois o tratamento deve ser sempre individualizado, de acordo com o perfil e h\u00e1bitos di\u00e1rios de cada um. Ex: paciente esportista ou portador de ceratocone, a lente de contato \u00e9 uma \u00f3tima op\u00e7\u00e3o. J\u00e1, por exemplo, se o paciente for uma crian\u00e7a ou portador de pter\u00edgio, os \u00f3culos s\u00e3o mais adequados.<\/p>\n<p><a href=\"https:\/\/www.instagram.com\/explore\/tags\/sa\u00fade\/\">#sa\u00fade<\/a> <a href=\"https:\/\/www.instagram.com\/explore\/tags\/sa\u00fadeocular\/\">#sa\u00fadeocular<\/a> <a href=\"https:\/\/www.instagram.com\/explore\/tags\/olhos\/\">#olhos<\/a><a href=\"https:\/\/www.instagram.com\/explore\/tags\/vis\u00e3o\/\">#vis\u00e3o<\/a><a href=\"https:\/\/www.instagram.com\/explore\/tags\/oftalmologia\/\">#oftalmologia<\/a> <a href=\"https:\/\/www.instagram.com\/explore\/tags\/checkupoftalmologia\/\">#checkupoftalmologia<\/a><\/p>\n","protected":false},"excerpt":{"rendered":"<p>Muitos pacientes perguntam qual o melhor, \u00f3culos ou lentes de contato para corrigir o grau. A resposta \u00e9 vari\u00e1vel, pois o tratamento deve ser sempre individualizado, de acordo com o perfil e h\u00e1bitos di\u00e1rios de cada um. Ex: paciente esportista ou portador de ceratocone, a lente de contato \u00e9 uma \u00f3tima op\u00e7\u00e3o. J\u00e1, por exemplo, <a class=\"more-link\" href=\"https:\/\/draodiliaoftalmo.com.br\/index.php\/2018\/01\/16\/oculos-ou-lentes-de-contato\/\">Leia mais&#8230; &raquo;<\/a><\/p>\n","protected":false},"author":2,"featured_media":0,"comment_status":"closed","ping_status":"closed","sticky":false,"template":"","format":"standard","meta":{"footnotes":""},"categories":[2],"tags":[],"class_list":["post-297","post","type-post","status-publish","format-standard","hentry","category-postagens"],"_links":{"self":[{"href":"https:\/\/draodiliaoftalmo.com.br\/index.php\/wp-json\/wp\/v2\/posts\/297","targetHints":{"allow":["GET"]}}],"collection":[{"href":"https:\/\/draodiliaoftalmo.com.br\/index.php\/wp-json\/wp\/v2\/posts"}],"about":[{"href":"https:\/\/draodiliaoftalmo.com.br\/index.php\/wp-json\/wp\/v2\/types\/post"}],"author":[{"embeddable":true,"href":"https:\/\/draodiliaoftalmo.com.br\/index.php\/wp-json\/wp\/v2\/users\/2"}],"replies":[{"embeddable":true,"href":"https:\/\/draodiliaoftalmo.com.br\/index.php\/wp-json\/wp\/v2\/comments?post=297"}],"version-history":[{"count":0,"href":"https:\/\/draodiliaoftalmo.com.br\/index.php\/wp-json\/wp\/v2\/posts\/297\/revisions"}],"wp:attachment":[{"href":"https:\/\/draodiliaoftalmo.com.br\/index.php\/wp-json\/wp\/v2\/media?parent=297"}],"wp:term":[{"taxonomy":"category","embeddable":true,"href":"https:\/\/draodiliaoftalmo.com.br\/index.php\/wp-json\/wp\/v2\/categories?post=297"},{"taxonomy":"post_tag","embeddable":true,"href":"https:\/\/draodiliaoftalmo.com.br\/index.php\/wp-json\/wp\/v2\/tags?post=297"}],"curies":[{"name":"wp","href":"https:\/\/api.w.org\/{rel}","templated":true}]}}