{"id":294,"date":"2018-01-16T09:50:41","date_gmt":"2018-01-16T12:50:41","guid":{"rendered":"http:\/\/checkupoftalmologia.com.br\/wp\/?p=294"},"modified":"2018-01-16T09:50:41","modified_gmt":"2018-01-16T12:50:41","slug":"lagrima","status":"publish","type":"post","link":"https:\/\/draodiliaoftalmo.com.br\/index.php\/2018\/01\/16\/lagrima\/","title":{"rendered":"L\u00e1grima"},"content":{"rendered":"<p><a href=\"http:\/\/checkupoftalmologia.com.br\/wp\/wp-content\/uploads\/2018\/01\/olho-2.png\"><img loading=\"lazy\" decoding=\"async\" class=\"alignnone size-medium wp-image-295\" src=\"http:\/\/checkupoftalmologia.com.br\/wp\/wp-content\/uploads\/2018\/01\/olho-2-300x220.png\" alt=\"\" width=\"300\" height=\"220\" srcset=\"https:\/\/draodiliaoftalmo.com.br\/wp-content\/uploads\/2018\/01\/olho-2-300x220.png 300w, https:\/\/draodiliaoftalmo.com.br\/wp-content\/uploads\/2018\/01\/olho-2.png 598w\" sizes=\"auto, (max-width: 300px) 100vw, 300px\" \/><\/a><\/p>\n<p>A l\u00e1grima \u00e9 composta por subst\u00e2ncias antibacterianas que defendem os olhos de agress\u00f5es externas, mantendo a c\u00f3rnea umedecida e protegida.<br \/>\nCom a diminui\u00e7\u00e3o na quantidade de l\u00e1grimas, surgem sintomas como irrita\u00e7\u00e3o, vermelhid\u00e3o e ard\u00eancia nos olhos, caracterizando o ressecamento ocular.<\/p>\n<p><a href=\"https:\/\/www.instagram.com\/explore\/tags\/sa\u00fade\/\">#sa\u00fade<\/a> <a href=\"https:\/\/www.instagram.com\/explore\/tags\/sa\u00fadeocular\/\">#sa\u00fadeocular<\/a> <a href=\"https:\/\/www.instagram.com\/explore\/tags\/olhos\/\">#olhos<\/a> <a href=\"https:\/\/www.instagram.com\/explore\/tags\/vis\u00e3o\/\">#vis\u00e3o<\/a> <a href=\"https:\/\/www.instagram.com\/explore\/tags\/oftalmologia\/\">#oftalmologia<\/a> <a href=\"https:\/\/www.instagram.com\/explore\/tags\/checkupoftalmologia\/\">#checkupoftalmologia<\/a><\/p>\n","protected":false},"excerpt":{"rendered":"<p>A l\u00e1grima \u00e9 composta por subst\u00e2ncias antibacterianas que defendem os olhos de agress\u00f5es externas, mantendo a c\u00f3rnea umedecida e protegida. Com a diminui\u00e7\u00e3o na quantidade de l\u00e1grimas, surgem sintomas como irrita\u00e7\u00e3o, vermelhid\u00e3o e ard\u00eancia nos olhos, caracterizando o ressecamento ocular. #sa\u00fade #sa\u00fadeocular #olhos #vis\u00e3o #oftalmologia #checkupoftalmologia<\/p>\n","protected":false},"author":2,"featured_media":0,"comment_status":"closed","ping_status":"closed","sticky":false,"template":"","format":"standard","meta":{"footnotes":""},"categories":[2],"tags":[],"class_list":["post-294","post","type-post","status-publish","format-standard","hentry","category-postagens"],"_links":{"self":[{"href":"https:\/\/draodiliaoftalmo.com.br\/index.php\/wp-json\/wp\/v2\/posts\/294","targetHints":{"allow":["GET"]}}],"collection":[{"href":"https:\/\/draodiliaoftalmo.com.br\/index.php\/wp-json\/wp\/v2\/posts"}],"about":[{"href":"https:\/\/draodiliaoftalmo.com.br\/index.php\/wp-json\/wp\/v2\/types\/post"}],"author":[{"embeddable":true,"href":"https:\/\/draodiliaoftalmo.com.br\/index.php\/wp-json\/wp\/v2\/users\/2"}],"replies":[{"embeddable":true,"href":"https:\/\/draodiliaoftalmo.com.br\/index.php\/wp-json\/wp\/v2\/comments?post=294"}],"version-history":[{"count":0,"href":"https:\/\/draodiliaoftalmo.com.br\/index.php\/wp-json\/wp\/v2\/posts\/294\/revisions"}],"wp:attachment":[{"href":"https:\/\/draodiliaoftalmo.com.br\/index.php\/wp-json\/wp\/v2\/media?parent=294"}],"wp:term":[{"taxonomy":"category","embeddable":true,"href":"https:\/\/draodiliaoftalmo.com.br\/index.php\/wp-json\/wp\/v2\/categories?post=294"},{"taxonomy":"post_tag","embeddable":true,"href":"https:\/\/draodiliaoftalmo.com.br\/index.php\/wp-json\/wp\/v2\/tags?post=294"}],"curies":[{"name":"wp","href":"https:\/\/api.w.org\/{rel}","templated":true}]}}