{"id":291,"date":"2018-01-16T09:49:02","date_gmt":"2018-01-16T12:49:02","guid":{"rendered":"http:\/\/checkupoftalmologia.com.br\/wp\/?p=291"},"modified":"2018-01-16T09:49:02","modified_gmt":"2018-01-16T12:49:02","slug":"degeneracao-macular","status":"publish","type":"post","link":"https:\/\/draodiliaoftalmo.com.br\/index.php\/2018\/01\/16\/degeneracao-macular\/","title":{"rendered":"Degenera\u00e7\u00e3o Macular"},"content":{"rendered":"<p><a href=\"http:\/\/checkupoftalmologia.com.br\/wp\/wp-content\/uploads\/2018\/01\/olho-1.png\"><img loading=\"lazy\" decoding=\"async\" class=\"alignnone size-medium wp-image-292\" src=\"http:\/\/checkupoftalmologia.com.br\/wp\/wp-content\/uploads\/2018\/01\/olho-1-300x279.png\" alt=\"\" width=\"300\" height=\"279\" srcset=\"https:\/\/draodiliaoftalmo.com.br\/wp-content\/uploads\/2018\/01\/olho-1-300x279.png 300w, https:\/\/draodiliaoftalmo.com.br\/wp-content\/uploads\/2018\/01\/olho-1.png 619w\" sizes=\"auto, (max-width: 300px) 100vw, 300px\" \/><\/a><\/p>\n<p>Degenera\u00e7\u00e3o Macular<\/p>\n<p>A m\u00e1cula \u00e9 a regi\u00e3o da retina onde se obt\u00e9m a melhor qualidade de vis\u00e3o para leitura, cores e pequenas detalhes. Quando a m\u00e1cula perde sua fun\u00e7\u00e3o, h\u00e1 um &#8220;borramento&#8221; da vista ou distor\u00e7\u00e3o dos objetos e letras na regi\u00e3o central, comumente chamada de Degenera\u00e7\u00e3o Macular. Embora provoque baixa da vis\u00e3o central, n\u00e3o afeta a parte perif\u00e9rica e por isso n\u00e3o causa cegueira total. A Degenera\u00e7\u00e3o Macular relacionada \u00e0 idade surge normalmente ap\u00f3s os 55 anos, afetando principalmente as pessoas de cor da pele branca.<\/p>\n<p>Degenera\u00e7\u00e3o Macular Seca ou Atr\u00f3fica<\/p>\n<p>Tamb\u00e9m chamada de n\u00e3o exsudativa, \u00e9 o tipo mais comum. Ocorre entre\u00a0 70 e 80% dos casos. \u00c9 causada pelo envelhecimento natural do tecido retiniano, que sofre uma disfun\u00e7\u00e3o gradativa provocando redu\u00e7\u00e3o da vis\u00e3o central.<br \/>\nDegenera\u00e7\u00e3o Macular \u00damida<\/p>\n<p>Tamb\u00e9m conhecida como hemorr\u00e1gica ou exsudativa, acontece entre 20 e 30% dos casos. \u00c9 a forma mais agressiva, podendo ter um curso mais r\u00e1pido e grave. \u00c9 caracterizado pela forma\u00e7\u00e3o de uma membrana por baixo da retina, com surgimento de vasos an\u00f4malos, que liberam l\u00edquido<\/p>\n<p><a href=\"https:\/\/www.instagram.com\/explore\/tags\/sa\u00fade\/\">#sa\u00fade<\/a> <a href=\"https:\/\/www.instagram.com\/explore\/tags\/sa\u00fadeocular\/\">#sa\u00fadeocular<\/a> <a href=\"https:\/\/www.instagram.com\/explore\/tags\/olhos\/\">#olhos<\/a> <a href=\"https:\/\/www.instagram.com\/explore\/tags\/vis\u00e3o\/\">#vis\u00e3o<\/a> <a href=\"https:\/\/www.instagram.com\/explore\/tags\/oftalmologia\/\">#oftalmologia<\/a> <a href=\"https:\/\/www.instagram.com\/explore\/tags\/checkupoftalmologia\/\">#checkupoftalmologia<\/a><\/p>\n","protected":false},"excerpt":{"rendered":"<p>Degenera\u00e7\u00e3o Macular A m\u00e1cula \u00e9 a regi\u00e3o da retina onde se obt\u00e9m a melhor qualidade de vis\u00e3o para leitura, cores e pequenas detalhes. Quando a m\u00e1cula perde sua fun\u00e7\u00e3o, h\u00e1 um &#8220;borramento&#8221; da vista ou distor\u00e7\u00e3o dos objetos e letras na regi\u00e3o central, comumente chamada de Degenera\u00e7\u00e3o Macular. Embora provoque baixa da vis\u00e3o central, n\u00e3o <a class=\"more-link\" href=\"https:\/\/draodiliaoftalmo.com.br\/index.php\/2018\/01\/16\/degeneracao-macular\/\">Leia mais&#8230; &raquo;<\/a><\/p>\n","protected":false},"author":2,"featured_media":0,"comment_status":"closed","ping_status":"closed","sticky":false,"template":"","format":"standard","meta":{"footnotes":""},"categories":[2],"tags":[],"class_list":["post-291","post","type-post","status-publish","format-standard","hentry","category-postagens"],"_links":{"self":[{"href":"https:\/\/draodiliaoftalmo.com.br\/index.php\/wp-json\/wp\/v2\/posts\/291","targetHints":{"allow":["GET"]}}],"collection":[{"href":"https:\/\/draodiliaoftalmo.com.br\/index.php\/wp-json\/wp\/v2\/posts"}],"about":[{"href":"https:\/\/draodiliaoftalmo.com.br\/index.php\/wp-json\/wp\/v2\/types\/post"}],"author":[{"embeddable":true,"href":"https:\/\/draodiliaoftalmo.com.br\/index.php\/wp-json\/wp\/v2\/users\/2"}],"replies":[{"embeddable":true,"href":"https:\/\/draodiliaoftalmo.com.br\/index.php\/wp-json\/wp\/v2\/comments?post=291"}],"version-history":[{"count":0,"href":"https:\/\/draodiliaoftalmo.com.br\/index.php\/wp-json\/wp\/v2\/posts\/291\/revisions"}],"wp:attachment":[{"href":"https:\/\/draodiliaoftalmo.com.br\/index.php\/wp-json\/wp\/v2\/media?parent=291"}],"wp:term":[{"taxonomy":"category","embeddable":true,"href":"https:\/\/draodiliaoftalmo.com.br\/index.php\/wp-json\/wp\/v2\/categories?post=291"},{"taxonomy":"post_tag","embeddable":true,"href":"https:\/\/draodiliaoftalmo.com.br\/index.php\/wp-json\/wp\/v2\/tags?post=291"}],"curies":[{"name":"wp","href":"https:\/\/api.w.org\/{rel}","templated":true}]}}