{"id":288,"date":"2018-01-16T09:47:16","date_gmt":"2018-01-16T12:47:16","guid":{"rendered":"http:\/\/checkupoftalmologia.com.br\/wp\/?p=288"},"modified":"2018-01-16T09:47:16","modified_gmt":"2018-01-16T12:47:16","slug":"ambliopia-olho-preguicoso","status":"publish","type":"post","link":"https:\/\/draodiliaoftalmo.com.br\/index.php\/2018\/01\/16\/ambliopia-olho-preguicoso\/","title":{"rendered":"Ambliopia (olho pregui\u00e7oso)"},"content":{"rendered":"<p><a href=\"http:\/\/checkupoftalmologia.com.br\/wp\/wp-content\/uploads\/2018\/01\/olho.png\"><img loading=\"lazy\" decoding=\"async\" class=\"alignnone size-medium wp-image-289\" src=\"http:\/\/checkupoftalmologia.com.br\/wp\/wp-content\/uploads\/2018\/01\/olho-300x196.png\" alt=\"\" width=\"300\" height=\"196\" srcset=\"https:\/\/draodiliaoftalmo.com.br\/wp-content\/uploads\/2018\/01\/olho-300x196.png 300w, https:\/\/draodiliaoftalmo.com.br\/wp-content\/uploads\/2018\/01\/olho.png 597w\" sizes=\"auto, (max-width: 300px) 100vw, 300px\" \/><\/a><\/p>\n<p>A ambliopia (olho pregui\u00e7oso) caracteriza-se pela diminui\u00e7\u00e3o da acuidade visual, sendo que em crian\u00e7as e jovens \u00e9 a causa mais frequente relacionada \u00e0 baixa visual em um dos olhos.<br \/>\nS\u00e3o v\u00e1rios os fatores de risco: diferen\u00e7a de grau entre os olhos, catarata cong\u00eanita, estrabismo, erros refrativos elevados (hipermetropia, astigmatismo, miopia), etc.<br \/>\nEm crian\u00e7as (at\u00e9 em torno de 7 anos de idade), o tratamento usual consiste em ocluir o olho normal, visando estimular o desenvolvimento da vis\u00e3o do olho afetado.<br \/>\nNormalmente, a vis\u00e3o da crian\u00e7a se torna igual ao do adulto entre 5 e 7 anos, por isso, at\u00e9 essa idade, o tratamento com oclusor apresenta melhores resultados.<\/p>\n<p><span title=\"Editado\"><a href=\"https:\/\/www.instagram.com\/explore\/tags\/sa\u00fade\/\">#sa\u00fade<\/a> <a href=\"https:\/\/www.instagram.com\/explore\/tags\/sa\u00fadeocular\/\">#sa\u00fadeocular<\/a> <a href=\"https:\/\/www.instagram.com\/explore\/tags\/olhos\/\">#olhos<\/a> <a href=\"https:\/\/www.instagram.com\/explore\/tags\/vis\u00e3o\/\">#vis\u00e3o<\/a> <a href=\"https:\/\/www.instagram.com\/explore\/tags\/oftalmologia\/\">#oftalmologia<\/a> <a href=\"https:\/\/www.instagram.com\/explore\/tags\/checkupoftalmologia\/\">#checkupoftalmologia<\/a><\/span><\/p>\n","protected":false},"excerpt":{"rendered":"<p>A ambliopia (olho pregui\u00e7oso) caracteriza-se pela diminui\u00e7\u00e3o da acuidade visual, sendo que em crian\u00e7as e jovens \u00e9 a causa mais frequente relacionada \u00e0 baixa visual em um dos olhos. S\u00e3o v\u00e1rios os fatores de risco: diferen\u00e7a de grau entre os olhos, catarata cong\u00eanita, estrabismo, erros refrativos elevados (hipermetropia, astigmatismo, miopia), etc. Em crian\u00e7as (at\u00e9 em <a class=\"more-link\" href=\"https:\/\/draodiliaoftalmo.com.br\/index.php\/2018\/01\/16\/ambliopia-olho-preguicoso\/\">Leia mais&#8230; &raquo;<\/a><\/p>\n","protected":false},"author":2,"featured_media":0,"comment_status":"closed","ping_status":"closed","sticky":false,"template":"","format":"standard","meta":{"footnotes":""},"categories":[2],"tags":[],"class_list":["post-288","post","type-post","status-publish","format-standard","hentry","category-postagens"],"_links":{"self":[{"href":"https:\/\/draodiliaoftalmo.com.br\/index.php\/wp-json\/wp\/v2\/posts\/288","targetHints":{"allow":["GET"]}}],"collection":[{"href":"https:\/\/draodiliaoftalmo.com.br\/index.php\/wp-json\/wp\/v2\/posts"}],"about":[{"href":"https:\/\/draodiliaoftalmo.com.br\/index.php\/wp-json\/wp\/v2\/types\/post"}],"author":[{"embeddable":true,"href":"https:\/\/draodiliaoftalmo.com.br\/index.php\/wp-json\/wp\/v2\/users\/2"}],"replies":[{"embeddable":true,"href":"https:\/\/draodiliaoftalmo.com.br\/index.php\/wp-json\/wp\/v2\/comments?post=288"}],"version-history":[{"count":0,"href":"https:\/\/draodiliaoftalmo.com.br\/index.php\/wp-json\/wp\/v2\/posts\/288\/revisions"}],"wp:attachment":[{"href":"https:\/\/draodiliaoftalmo.com.br\/index.php\/wp-json\/wp\/v2\/media?parent=288"}],"wp:term":[{"taxonomy":"category","embeddable":true,"href":"https:\/\/draodiliaoftalmo.com.br\/index.php\/wp-json\/wp\/v2\/categories?post=288"},{"taxonomy":"post_tag","embeddable":true,"href":"https:\/\/draodiliaoftalmo.com.br\/index.php\/wp-json\/wp\/v2\/tags?post=288"}],"curies":[{"name":"wp","href":"https:\/\/api.w.org\/{rel}","templated":true}]}}