{"id":284,"date":"2018-01-16T07:47:41","date_gmt":"2018-01-16T10:47:41","guid":{"rendered":"http:\/\/checkupoftalmologia.com.br\/wp\/?p=284"},"modified":"2018-01-16T07:47:41","modified_gmt":"2018-01-16T10:47:41","slug":"284","status":"publish","type":"post","link":"https:\/\/draodiliaoftalmo.com.br\/index.php\/2018\/01\/16\/284\/","title":{"rendered":"Olheiras"},"content":{"rendered":"<p><a href=\"http:\/\/checkupoftalmologia.com.br\/wp\/wp-content\/uploads\/2018\/01\/olheiras.png\"><img loading=\"lazy\" decoding=\"async\" class=\"alignnone size-full wp-image-285\" src=\"http:\/\/checkupoftalmologia.com.br\/wp\/wp-content\/uploads\/2018\/01\/olheiras.png\" alt=\"\" width=\"367\" height=\"450\" srcset=\"https:\/\/draodiliaoftalmo.com.br\/wp-content\/uploads\/2018\/01\/olheiras.png 367w, https:\/\/draodiliaoftalmo.com.br\/wp-content\/uploads\/2018\/01\/olheiras-245x300.png 245w\" sizes=\"auto, (max-width: 367px) 100vw, 367px\" \/><\/a><\/p>\n<p>As olheiras nem sempre s\u00e3o decorrentes de noites mal dormidas. Outras causas importantes s\u00e3o: gen\u00e9tica, alergias respirat\u00f3rias, cansa\u00e7o, anemia, dietas radicais, dist\u00farbios tireoidianos, per\u00edodo menstrual, gesta\u00e7\u00e3o.<br \/>\nAfora a quest\u00e3o est\u00e9tica, as olheiras n\u00e3o afetam a vis\u00e3o e nem indicam problemas oftalmol\u00f3gicos espec\u00edficos.<\/p>\n<p>#sa\u00fade #sa\u00fadeocular #olhos #vis\u00e3o #oftalmologia #checkupoftalmologia<\/p>\n","protected":false},"excerpt":{"rendered":"<p>As olheiras nem sempre s\u00e3o decorrentes de noites mal dormidas. Outras causas importantes s\u00e3o: gen\u00e9tica, alergias respirat\u00f3rias, cansa\u00e7o, anemia, dietas radicais, dist\u00farbios tireoidianos, per\u00edodo menstrual, gesta\u00e7\u00e3o. Afora a quest\u00e3o est\u00e9tica, as olheiras n\u00e3o afetam a vis\u00e3o e nem indicam problemas oftalmol\u00f3gicos espec\u00edficos. #sa\u00fade #sa\u00fadeocular #olhos #vis\u00e3o #oftalmologia #checkupoftalmologia<\/p>\n","protected":false},"author":2,"featured_media":0,"comment_status":"closed","ping_status":"closed","sticky":false,"template":"","format":"standard","meta":{"footnotes":""},"categories":[2],"tags":[],"class_list":["post-284","post","type-post","status-publish","format-standard","hentry","category-postagens"],"_links":{"self":[{"href":"https:\/\/draodiliaoftalmo.com.br\/index.php\/wp-json\/wp\/v2\/posts\/284","targetHints":{"allow":["GET"]}}],"collection":[{"href":"https:\/\/draodiliaoftalmo.com.br\/index.php\/wp-json\/wp\/v2\/posts"}],"about":[{"href":"https:\/\/draodiliaoftalmo.com.br\/index.php\/wp-json\/wp\/v2\/types\/post"}],"author":[{"embeddable":true,"href":"https:\/\/draodiliaoftalmo.com.br\/index.php\/wp-json\/wp\/v2\/users\/2"}],"replies":[{"embeddable":true,"href":"https:\/\/draodiliaoftalmo.com.br\/index.php\/wp-json\/wp\/v2\/comments?post=284"}],"version-history":[{"count":0,"href":"https:\/\/draodiliaoftalmo.com.br\/index.php\/wp-json\/wp\/v2\/posts\/284\/revisions"}],"wp:attachment":[{"href":"https:\/\/draodiliaoftalmo.com.br\/index.php\/wp-json\/wp\/v2\/media?parent=284"}],"wp:term":[{"taxonomy":"category","embeddable":true,"href":"https:\/\/draodiliaoftalmo.com.br\/index.php\/wp-json\/wp\/v2\/categories?post=284"},{"taxonomy":"post_tag","embeddable":true,"href":"https:\/\/draodiliaoftalmo.com.br\/index.php\/wp-json\/wp\/v2\/tags?post=284"}],"curies":[{"name":"wp","href":"https:\/\/api.w.org\/{rel}","templated":true}]}}