{"id":256,"date":"2017-09-25T09:19:16","date_gmt":"2017-09-25T12:19:16","guid":{"rendered":"http:\/\/checkupoftalmologia.com.br\/wp\/?p=256"},"modified":"2017-09-25T09:19:16","modified_gmt":"2017-09-25T12:19:16","slug":"catarata-2","status":"publish","type":"post","link":"https:\/\/draodiliaoftalmo.com.br\/index.php\/2017\/09\/25\/catarata-2\/","title":{"rendered":"Catarata"},"content":{"rendered":"<p>A catarata \u00e9 a principal causa de cegueira revers\u00edvel no mundo, podendo ser corrigida atrav\u00e9s de uma cirurgia simples chamada facectomia.<\/p>\n<p>Ocorre principalmente ap\u00f3s os 50 anos, quando h\u00e1 perda progressiva da transpar\u00eancia do cristalino (lente natural do olho), sendo o principal sintoma o emba\u00e7amento visual.<\/p>\n<p>A catarata pode ser adquirida, n\u00e3o s\u00f3 em decorr\u00eancia do envelhecimento, mas tamb\u00e9m, ap\u00f3s trauma ocular ou uso cr\u00f4nico de drogas, como cortic\u00f3ides.<\/p>\n<p>Algumas medidas importantes s\u00e3o: controlar o diabetes e o fumo que s\u00e3o causas secund\u00e1rias da catarata; ter uma dieta rica em antioxidantes pode adiar o surgimento da catarata; proteger-se da radia\u00e7\u00e3o solar atrav\u00e9s de \u00f3culos escuros com prote\u00e7\u00e3o ultravioleta.<\/p>\n<p><a href=\"https:\/\/www.instagram.com\/explore\/tags\/sa%C3%BAde\/\">#sa\u00fade<\/a><a href=\"https:\/\/www.instagram.com\/explore\/tags\/sa%C3%BAdeocular\/\">#sa\u00fadeocular<\/a><a href=\"https:\/\/www.instagram.com\/explore\/tags\/olhos\/\">#olhos<\/a><a href=\"https:\/\/www.instagram.com\/explore\/tags\/vis%C3%A3o\/\">#vis\u00e3o<\/a><a href=\"https:\/\/www.instagram.com\/explore\/tags\/oftalmologia\/\">#oftalmologia<\/a><a href=\"https:\/\/www.instagram.com\/explore\/tags\/checkupoftalmologia\/\">#checkupoftalmologia<\/a><\/p>\n<p><a href=\"http:\/\/checkupoftalmologia.com.br\/wp\/wp-content\/uploads\/2017\/09\/21980399_1731337677161329_7805193012744552448_n.jpg\"><img loading=\"lazy\" decoding=\"async\" class=\"size-full wp-image-257 alignnone\" src=\"http:\/\/checkupoftalmologia.com.br\/wp\/wp-content\/uploads\/2017\/09\/21980399_1731337677161329_7805193012744552448_n.jpg\" alt=\"\" width=\"473\" height=\"473\" srcset=\"https:\/\/draodiliaoftalmo.com.br\/wp-content\/uploads\/2017\/09\/21980399_1731337677161329_7805193012744552448_n.jpg 473w, https:\/\/draodiliaoftalmo.com.br\/wp-content\/uploads\/2017\/09\/21980399_1731337677161329_7805193012744552448_n-300x300.jpg 300w, https:\/\/draodiliaoftalmo.com.br\/wp-content\/uploads\/2017\/09\/21980399_1731337677161329_7805193012744552448_n-150x150.jpg 150w\" sizes=\"auto, (max-width: 473px) 100vw, 473px\" \/><\/a><\/p>\n","protected":false},"excerpt":{"rendered":"<p>A catarata \u00e9 a principal causa de cegueira revers\u00edvel no mundo, podendo ser corrigida atrav\u00e9s de uma cirurgia simples chamada facectomia. Ocorre principalmente ap\u00f3s os 50 anos, quando h\u00e1 perda progressiva da transpar\u00eancia do cristalino (lente natural do olho), sendo o principal sintoma o emba\u00e7amento visual. A catarata pode ser adquirida, n\u00e3o s\u00f3 em decorr\u00eancia <a class=\"more-link\" href=\"https:\/\/draodiliaoftalmo.com.br\/index.php\/2017\/09\/25\/catarata-2\/\">Leia mais&#8230; &raquo;<\/a><\/p>\n","protected":false},"author":2,"featured_media":0,"comment_status":"closed","ping_status":"closed","sticky":false,"template":"","format":"standard","meta":{"footnotes":""},"categories":[2],"tags":[],"class_list":["post-256","post","type-post","status-publish","format-standard","hentry","category-postagens"],"_links":{"self":[{"href":"https:\/\/draodiliaoftalmo.com.br\/index.php\/wp-json\/wp\/v2\/posts\/256","targetHints":{"allow":["GET"]}}],"collection":[{"href":"https:\/\/draodiliaoftalmo.com.br\/index.php\/wp-json\/wp\/v2\/posts"}],"about":[{"href":"https:\/\/draodiliaoftalmo.com.br\/index.php\/wp-json\/wp\/v2\/types\/post"}],"author":[{"embeddable":true,"href":"https:\/\/draodiliaoftalmo.com.br\/index.php\/wp-json\/wp\/v2\/users\/2"}],"replies":[{"embeddable":true,"href":"https:\/\/draodiliaoftalmo.com.br\/index.php\/wp-json\/wp\/v2\/comments?post=256"}],"version-history":[{"count":0,"href":"https:\/\/draodiliaoftalmo.com.br\/index.php\/wp-json\/wp\/v2\/posts\/256\/revisions"}],"wp:attachment":[{"href":"https:\/\/draodiliaoftalmo.com.br\/index.php\/wp-json\/wp\/v2\/media?parent=256"}],"wp:term":[{"taxonomy":"category","embeddable":true,"href":"https:\/\/draodiliaoftalmo.com.br\/index.php\/wp-json\/wp\/v2\/categories?post=256"},{"taxonomy":"post_tag","embeddable":true,"href":"https:\/\/draodiliaoftalmo.com.br\/index.php\/wp-json\/wp\/v2\/tags?post=256"}],"curies":[{"name":"wp","href":"https:\/\/api.w.org\/{rel}","templated":true}]}}