{"id":240,"date":"2017-08-16T08:53:46","date_gmt":"2017-08-16T11:53:46","guid":{"rendered":"http:\/\/checkupoftalmologia.com.br\/wp\/?p=240"},"modified":"2017-08-16T08:53:46","modified_gmt":"2017-08-16T11:53:46","slug":"sindrome-de-down","status":"publish","type":"post","link":"https:\/\/draodiliaoftalmo.com.br\/index.php\/2017\/08\/16\/sindrome-de-down\/","title":{"rendered":"S\u00edndrome de Down"},"content":{"rendered":"<p>Os portadores de S\u00edndrome de Down necessitam de acompanhamento oftalmol\u00f3gico peri\u00f3dico, j\u00e1 que apresentam maior risco de desenvolverem patologias oculares como blefarite, miopia, catarata e anomalias da posi\u00e7\u00e3o dos c\u00edlios.<br \/>\n<a href=\"https:\/\/www.instagram.com\/explore\/tags\/sa%C3%BAde\/\">#sa\u00fade<\/a> <a href=\"https:\/\/www.instagram.com\/explore\/tags\/sa%C3%BAdeocular\/\">#sa\u00fadeocular<\/a> <a href=\"https:\/\/www.instagram.com\/explore\/tags\/olhos\/\">#olhos<\/a> <a href=\"https:\/\/www.instagram.com\/explore\/tags\/vis%C3%A3o\/\">#vis\u00e3o<\/a> <a href=\"https:\/\/www.instagram.com\/explore\/tags\/oftalmologia\/\">#oftalmologia<\/a> <a href=\"https:\/\/www.instagram.com\/explore\/tags\/checkupoftalmologia\/\">#checkupoftalmologia<\/a><\/p>\n<p><a href=\"http:\/\/checkupoftalmologia.com.br\/wp\/wp-content\/uploads\/2017\/08\/20766244_852086454946295_9143205291158929408_n.jpg\"><img loading=\"lazy\" decoding=\"async\" class=\"wp-image-241 alignleft\" src=\"http:\/\/checkupoftalmologia.com.br\/wp\/wp-content\/uploads\/2017\/08\/20766244_852086454946295_9143205291158929408_n.jpg\" alt=\"\" width=\"384\" height=\"384\" srcset=\"https:\/\/draodiliaoftalmo.com.br\/wp-content\/uploads\/2017\/08\/20766244_852086454946295_9143205291158929408_n.jpg 720w, https:\/\/draodiliaoftalmo.com.br\/wp-content\/uploads\/2017\/08\/20766244_852086454946295_9143205291158929408_n-300x300.jpg 300w, https:\/\/draodiliaoftalmo.com.br\/wp-content\/uploads\/2017\/08\/20766244_852086454946295_9143205291158929408_n-150x150.jpg 150w\" sizes=\"auto, (max-width: 384px) 100vw, 384px\" \/><\/a><\/p>\n","protected":false},"excerpt":{"rendered":"<p>Os portadores de S\u00edndrome de Down necessitam de acompanhamento oftalmol\u00f3gico peri\u00f3dico, j\u00e1 que apresentam maior risco de desenvolverem patologias oculares como blefarite, miopia, catarata e anomalias da posi\u00e7\u00e3o dos c\u00edlios. #sa\u00fade #sa\u00fadeocular #olhos #vis\u00e3o #oftalmologia #checkupoftalmologia<\/p>\n","protected":false},"author":2,"featured_media":0,"comment_status":"closed","ping_status":"closed","sticky":false,"template":"","format":"standard","meta":{"footnotes":""},"categories":[2],"tags":[],"class_list":["post-240","post","type-post","status-publish","format-standard","hentry","category-postagens"],"_links":{"self":[{"href":"https:\/\/draodiliaoftalmo.com.br\/index.php\/wp-json\/wp\/v2\/posts\/240","targetHints":{"allow":["GET"]}}],"collection":[{"href":"https:\/\/draodiliaoftalmo.com.br\/index.php\/wp-json\/wp\/v2\/posts"}],"about":[{"href":"https:\/\/draodiliaoftalmo.com.br\/index.php\/wp-json\/wp\/v2\/types\/post"}],"author":[{"embeddable":true,"href":"https:\/\/draodiliaoftalmo.com.br\/index.php\/wp-json\/wp\/v2\/users\/2"}],"replies":[{"embeddable":true,"href":"https:\/\/draodiliaoftalmo.com.br\/index.php\/wp-json\/wp\/v2\/comments?post=240"}],"version-history":[{"count":0,"href":"https:\/\/draodiliaoftalmo.com.br\/index.php\/wp-json\/wp\/v2\/posts\/240\/revisions"}],"wp:attachment":[{"href":"https:\/\/draodiliaoftalmo.com.br\/index.php\/wp-json\/wp\/v2\/media?parent=240"}],"wp:term":[{"taxonomy":"category","embeddable":true,"href":"https:\/\/draodiliaoftalmo.com.br\/index.php\/wp-json\/wp\/v2\/categories?post=240"},{"taxonomy":"post_tag","embeddable":true,"href":"https:\/\/draodiliaoftalmo.com.br\/index.php\/wp-json\/wp\/v2\/tags?post=240"}],"curies":[{"name":"wp","href":"https:\/\/api.w.org\/{rel}","templated":true}]}}