{"id":235,"date":"2017-08-09T08:30:20","date_gmt":"2017-08-09T11:30:20","guid":{"rendered":"http:\/\/checkupoftalmologia.com.br\/wp\/?p=235"},"modified":"2017-08-09T08:30:20","modified_gmt":"2017-08-09T11:30:20","slug":"cocar-os-olhos","status":"publish","type":"post","link":"https:\/\/draodiliaoftalmo.com.br\/index.php\/2017\/08\/09\/cocar-os-olhos\/","title":{"rendered":"Co\u00e7ar os olhos"},"content":{"rendered":"<p>Os olhos s\u00e3o muito sens\u00edveis e co\u00e7\u00e1-los pode provocar les\u00f5es.<\/p>\n<p>A coceira constante pode deformar a c\u00f3rnea e causar problemas como o ceratocone (a c\u00f3rnea fica mais fina e com um formato mais c\u00f4nico). Al\u00e9m disso, se as m\u00e3os estiverem sujas, podem aparecer alergias e conjuntivites infecciosas.<\/p>\n<p><a href=\"https:\/\/www.instagram.com\/explore\/tags\/sa%C3%BAde\/\">#sa\u00fade<\/a> <a href=\"https:\/\/www.instagram.com\/explore\/tags\/sa%C3%BAdeocular\/\">#sa\u00fadeocular<\/a><a href=\"https:\/\/www.instagram.com\/explore\/tags\/olhos\/\">#olhos<\/a><a href=\"https:\/\/www.instagram.com\/explore\/tags\/vis%C3%A3o\/\">#vis\u00e3o<\/a> <a href=\"https:\/\/www.instagram.com\/explore\/tags\/oftalmologia\/\">#oftalmologia<\/a><a href=\"https:\/\/www.instagram.com\/explore\/tags\/checkupoftalmologia\/\">#checkupoftalmologia<\/a><\/p>\n<p><a href=\"http:\/\/checkupoftalmologia.com.br\/wp\/wp-content\/uploads\/2017\/08\/20583046_354988311597761_7465905143414784000_n_002.jpg\"><img loading=\"lazy\" decoding=\"async\" class=\"alignnone size-full wp-image-236\" src=\"http:\/\/checkupoftalmologia.com.br\/wp\/wp-content\/uploads\/2017\/08\/20583046_354988311597761_7465905143414784000_n_002.jpg\" alt=\"\" width=\"463\" height=\"463\" srcset=\"https:\/\/draodiliaoftalmo.com.br\/wp-content\/uploads\/2017\/08\/20583046_354988311597761_7465905143414784000_n_002.jpg 463w, https:\/\/draodiliaoftalmo.com.br\/wp-content\/uploads\/2017\/08\/20583046_354988311597761_7465905143414784000_n_002-300x300.jpg 300w, https:\/\/draodiliaoftalmo.com.br\/wp-content\/uploads\/2017\/08\/20583046_354988311597761_7465905143414784000_n_002-150x150.jpg 150w\" sizes=\"auto, (max-width: 463px) 100vw, 463px\" \/><\/a><\/p>\n","protected":false},"excerpt":{"rendered":"<p>Os olhos s\u00e3o muito sens\u00edveis e co\u00e7\u00e1-los pode provocar les\u00f5es. A coceira constante pode deformar a c\u00f3rnea e causar problemas como o ceratocone (a c\u00f3rnea fica mais fina e com um formato mais c\u00f4nico). Al\u00e9m disso, se as m\u00e3os estiverem sujas, podem aparecer alergias e conjuntivites infecciosas. #sa\u00fade #sa\u00fadeocular#olhos#vis\u00e3o #oftalmologia#checkupoftalmologia<\/p>\n","protected":false},"author":2,"featured_media":0,"comment_status":"closed","ping_status":"closed","sticky":false,"template":"","format":"standard","meta":{"footnotes":""},"categories":[2],"tags":[],"class_list":["post-235","post","type-post","status-publish","format-standard","hentry","category-postagens"],"_links":{"self":[{"href":"https:\/\/draodiliaoftalmo.com.br\/index.php\/wp-json\/wp\/v2\/posts\/235","targetHints":{"allow":["GET"]}}],"collection":[{"href":"https:\/\/draodiliaoftalmo.com.br\/index.php\/wp-json\/wp\/v2\/posts"}],"about":[{"href":"https:\/\/draodiliaoftalmo.com.br\/index.php\/wp-json\/wp\/v2\/types\/post"}],"author":[{"embeddable":true,"href":"https:\/\/draodiliaoftalmo.com.br\/index.php\/wp-json\/wp\/v2\/users\/2"}],"replies":[{"embeddable":true,"href":"https:\/\/draodiliaoftalmo.com.br\/index.php\/wp-json\/wp\/v2\/comments?post=235"}],"version-history":[{"count":0,"href":"https:\/\/draodiliaoftalmo.com.br\/index.php\/wp-json\/wp\/v2\/posts\/235\/revisions"}],"wp:attachment":[{"href":"https:\/\/draodiliaoftalmo.com.br\/index.php\/wp-json\/wp\/v2\/media?parent=235"}],"wp:term":[{"taxonomy":"category","embeddable":true,"href":"https:\/\/draodiliaoftalmo.com.br\/index.php\/wp-json\/wp\/v2\/categories?post=235"},{"taxonomy":"post_tag","embeddable":true,"href":"https:\/\/draodiliaoftalmo.com.br\/index.php\/wp-json\/wp\/v2\/tags?post=235"}],"curies":[{"name":"wp","href":"https:\/\/api.w.org\/{rel}","templated":true}]}}