{"id":228,"date":"2017-08-02T09:29:47","date_gmt":"2017-08-02T12:29:47","guid":{"rendered":"http:\/\/checkupoftalmologia.com.br\/wp\/?p=228"},"modified":"2017-08-02T09:29:47","modified_gmt":"2017-08-02T12:29:47","slug":"teste-do-olhinho","status":"publish","type":"post","link":"https:\/\/draodiliaoftalmo.com.br\/index.php\/2017\/08\/02\/teste-do-olhinho\/","title":{"rendered":"Teste do olhinho"},"content":{"rendered":"<p>O teste do olhinho associado ao exame de fundo de olho deve ser feito ap\u00f3s o nascimento, nos primeiros dias de vida. Pode detectar doen\u00e7as oculares, sendo as mais comuns: retinopatia da prematuridade (altera\u00e7\u00e3o no crescimento vascular da retina), glaucoma cong\u00eanito, catarata cong\u00eanita (quando o cristalino j\u00e1 nasce total ou parcialmente opaco), toxoplasmose (infec\u00e7\u00e3o no fundo do olho causada por um protozo\u00e1rio) e retinoblastoma (tumor ocular).<br \/>\n<a href=\"https:\/\/www.instagram.com\/explore\/tags\/sa%C3%BAde\/\">#sa\u00fade<\/a> <a href=\"https:\/\/www.instagram.com\/explore\/tags\/sa%C3%BAdeocular\/\">#sa\u00fadeocular<\/a> <a href=\"https:\/\/www.instagram.com\/explore\/tags\/olhos\/\">#olhos<\/a><a href=\"https:\/\/www.instagram.com\/explore\/tags\/vis%C3%A3o\/\">#vis\u00e3o<\/a> <a href=\"https:\/\/www.instagram.com\/explore\/tags\/oftalmologia\/\">#oftalmologia<\/a> <a href=\"https:\/\/www.instagram.com\/explore\/tags\/checkupoftalmologia\/\">#checkupoftalmologia<\/a><\/p>\n<p><a href=\"http:\/\/checkupoftalmologia.com.br\/wp\/wp-content\/uploads\/2017\/08\/20479086_1128956223872255_9051370674098012160_n.jpg\"><img loading=\"lazy\" decoding=\"async\" class=\"alignnone size-full wp-image-229\" src=\"http:\/\/checkupoftalmologia.com.br\/wp\/wp-content\/uploads\/2017\/08\/20479086_1128956223872255_9051370674098012160_n.jpg\" alt=\"\" width=\"437\" height=\"437\" srcset=\"https:\/\/draodiliaoftalmo.com.br\/wp-content\/uploads\/2017\/08\/20479086_1128956223872255_9051370674098012160_n.jpg 437w, https:\/\/draodiliaoftalmo.com.br\/wp-content\/uploads\/2017\/08\/20479086_1128956223872255_9051370674098012160_n-300x300.jpg 300w, https:\/\/draodiliaoftalmo.com.br\/wp-content\/uploads\/2017\/08\/20479086_1128956223872255_9051370674098012160_n-150x150.jpg 150w\" sizes=\"auto, (max-width: 437px) 100vw, 437px\" \/><\/a><\/p>\n","protected":false},"excerpt":{"rendered":"<p>O teste do olhinho associado ao exame de fundo de olho deve ser feito ap\u00f3s o nascimento, nos primeiros dias de vida. Pode detectar doen\u00e7as oculares, sendo as mais comuns: retinopatia da prematuridade (altera\u00e7\u00e3o no crescimento vascular da retina), glaucoma cong\u00eanito, catarata cong\u00eanita (quando o cristalino j\u00e1 nasce total ou parcialmente opaco), toxoplasmose (infec\u00e7\u00e3o no <a class=\"more-link\" href=\"https:\/\/draodiliaoftalmo.com.br\/index.php\/2017\/08\/02\/teste-do-olhinho\/\">Leia mais&#8230; &raquo;<\/a><\/p>\n","protected":false},"author":2,"featured_media":0,"comment_status":"closed","ping_status":"closed","sticky":false,"template":"","format":"standard","meta":{"footnotes":""},"categories":[2],"tags":[],"class_list":["post-228","post","type-post","status-publish","format-standard","hentry","category-postagens"],"_links":{"self":[{"href":"https:\/\/draodiliaoftalmo.com.br\/index.php\/wp-json\/wp\/v2\/posts\/228","targetHints":{"allow":["GET"]}}],"collection":[{"href":"https:\/\/draodiliaoftalmo.com.br\/index.php\/wp-json\/wp\/v2\/posts"}],"about":[{"href":"https:\/\/draodiliaoftalmo.com.br\/index.php\/wp-json\/wp\/v2\/types\/post"}],"author":[{"embeddable":true,"href":"https:\/\/draodiliaoftalmo.com.br\/index.php\/wp-json\/wp\/v2\/users\/2"}],"replies":[{"embeddable":true,"href":"https:\/\/draodiliaoftalmo.com.br\/index.php\/wp-json\/wp\/v2\/comments?post=228"}],"version-history":[{"count":0,"href":"https:\/\/draodiliaoftalmo.com.br\/index.php\/wp-json\/wp\/v2\/posts\/228\/revisions"}],"wp:attachment":[{"href":"https:\/\/draodiliaoftalmo.com.br\/index.php\/wp-json\/wp\/v2\/media?parent=228"}],"wp:term":[{"taxonomy":"category","embeddable":true,"href":"https:\/\/draodiliaoftalmo.com.br\/index.php\/wp-json\/wp\/v2\/categories?post=228"},{"taxonomy":"post_tag","embeddable":true,"href":"https:\/\/draodiliaoftalmo.com.br\/index.php\/wp-json\/wp\/v2\/tags?post=228"}],"curies":[{"name":"wp","href":"https:\/\/api.w.org\/{rel}","templated":true}]}}