{"id":197,"date":"2017-06-21T10:43:09","date_gmt":"2017-06-21T13:43:09","guid":{"rendered":"http:\/\/checkupoftalmologia.com.br\/wp\/?p=197"},"modified":"2017-06-21T10:43:09","modified_gmt":"2017-06-21T13:43:09","slug":"astigmatismo","status":"publish","type":"post","link":"https:\/\/draodiliaoftalmo.com.br\/index.php\/2017\/06\/21\/astigmatismo\/","title":{"rendered":"Astigmatismo"},"content":{"rendered":"<p>O astigmatismo \u00e9 uma irregularidade no formato da c\u00f3rnea que pode provocar uma diminui\u00e7\u00e3o, tanto na vis\u00e3o de longe, quanto na vis\u00e3o de perto. Pode causar dor de cabe\u00e7a, lacrimejamento, fotofobia (sensibilidade \u00e0 luz), emba\u00e7amento, vis\u00e3o borrada ou desfocada.<br \/>\n\u00c9 poss\u00edvel corrigir o astigmatismo com \u00f3culos, lente de contato ou cirurgia refrativa, conforme avalia\u00e7\u00e3o do oftalmologista.<br \/>\nTire suas d\u00favidas.<br \/>\n<a href=\"http:\/\/checkupoftalmologia.com.br\/wp\/wp-content\/uploads\/2017\/06\/19227599_1229704423806780_6131606980919296000_n.jpg\"><img loading=\"lazy\" decoding=\"async\" class=\"alignnone size-full wp-image-198\" src=\"http:\/\/checkupoftalmologia.com.br\/wp\/wp-content\/uploads\/2017\/06\/19227599_1229704423806780_6131606980919296000_n.jpg\" alt=\"\" width=\"596\" height=\"312\" srcset=\"https:\/\/draodiliaoftalmo.com.br\/wp-content\/uploads\/2017\/06\/19227599_1229704423806780_6131606980919296000_n.jpg 596w, https:\/\/draodiliaoftalmo.com.br\/wp-content\/uploads\/2017\/06\/19227599_1229704423806780_6131606980919296000_n-300x157.jpg 300w\" sizes=\"auto, (max-width: 596px) 100vw, 596px\" \/><\/a><\/p>\n","protected":false},"excerpt":{"rendered":"<p>O astigmatismo \u00e9 uma irregularidade no formato da c\u00f3rnea que pode provocar uma diminui\u00e7\u00e3o, tanto na vis\u00e3o de longe, quanto na vis\u00e3o de perto. Pode causar dor de cabe\u00e7a, lacrimejamento, fotofobia (sensibilidade \u00e0 luz), emba\u00e7amento, vis\u00e3o borrada ou desfocada. \u00c9 poss\u00edvel corrigir o astigmatismo com \u00f3culos, lente de contato ou cirurgia refrativa, conforme avalia\u00e7\u00e3o do <a class=\"more-link\" href=\"https:\/\/draodiliaoftalmo.com.br\/index.php\/2017\/06\/21\/astigmatismo\/\">Leia mais&#8230; &raquo;<\/a><\/p>\n","protected":false},"author":2,"featured_media":0,"comment_status":"closed","ping_status":"closed","sticky":false,"template":"","format":"standard","meta":{"footnotes":""},"categories":[2],"tags":[],"class_list":["post-197","post","type-post","status-publish","format-standard","hentry","category-postagens"],"_links":{"self":[{"href":"https:\/\/draodiliaoftalmo.com.br\/index.php\/wp-json\/wp\/v2\/posts\/197","targetHints":{"allow":["GET"]}}],"collection":[{"href":"https:\/\/draodiliaoftalmo.com.br\/index.php\/wp-json\/wp\/v2\/posts"}],"about":[{"href":"https:\/\/draodiliaoftalmo.com.br\/index.php\/wp-json\/wp\/v2\/types\/post"}],"author":[{"embeddable":true,"href":"https:\/\/draodiliaoftalmo.com.br\/index.php\/wp-json\/wp\/v2\/users\/2"}],"replies":[{"embeddable":true,"href":"https:\/\/draodiliaoftalmo.com.br\/index.php\/wp-json\/wp\/v2\/comments?post=197"}],"version-history":[{"count":0,"href":"https:\/\/draodiliaoftalmo.com.br\/index.php\/wp-json\/wp\/v2\/posts\/197\/revisions"}],"wp:attachment":[{"href":"https:\/\/draodiliaoftalmo.com.br\/index.php\/wp-json\/wp\/v2\/media?parent=197"}],"wp:term":[{"taxonomy":"category","embeddable":true,"href":"https:\/\/draodiliaoftalmo.com.br\/index.php\/wp-json\/wp\/v2\/categories?post=197"},{"taxonomy":"post_tag","embeddable":true,"href":"https:\/\/draodiliaoftalmo.com.br\/index.php\/wp-json\/wp\/v2\/tags?post=197"}],"curies":[{"name":"wp","href":"https:\/\/api.w.org\/{rel}","templated":true}]}}