{"id":146,"date":"2017-05-26T07:48:27","date_gmt":"2017-05-26T10:48:27","guid":{"rendered":"http:\/\/checkupoftalmologia.com.br\/wp\/?p=146"},"modified":"2017-05-26T07:48:27","modified_gmt":"2017-05-26T10:48:27","slug":"ceratocone","status":"publish","type":"post","link":"https:\/\/draodiliaoftalmo.com.br\/index.php\/2017\/05\/26\/ceratocone\/","title":{"rendered":"Ceratocone"},"content":{"rendered":"<p><a href=\"http:\/\/checkupoftalmologia.com.br\/wp\/wp-content\/uploads\/2017\/05\/WhatsApp-Image-2017-05-26-at-04.58.21.jpeg\"><img loading=\"lazy\" decoding=\"async\" class=\"alignnone size-full wp-image-149\" src=\"http:\/\/checkupoftalmologia.com.br\/wp\/wp-content\/uploads\/2017\/05\/WhatsApp-Image-2017-05-26-at-04.58.21.jpeg\" alt=\"\" width=\"719\" height=\"309\" srcset=\"https:\/\/draodiliaoftalmo.com.br\/wp-content\/uploads\/2017\/05\/WhatsApp-Image-2017-05-26-at-04.58.21.jpeg 719w, https:\/\/draodiliaoftalmo.com.br\/wp-content\/uploads\/2017\/05\/WhatsApp-Image-2017-05-26-at-04.58.21-300x129.jpeg 300w\" sizes=\"auto, (max-width: 719px) 100vw, 719px\" \/><\/a><\/p>\n<p>O ceratocone inicia-se na puberdade e caracteriza-se pela altera\u00e7\u00e3o no formato e espessura da c\u00f3rnea, que fica pontuda e fina. O principal sintoma \u00e9 a vis\u00e3o borrada. As causas ainda n\u00e3o est\u00e3o totalmente determinadas, mas acredita-se que a doen\u00e7a esteja relacionada ao h\u00e1bito frequente de co\u00e7ar os olhos e \u00e0 fatores gen\u00e9ticos.<\/p>\n","protected":false},"excerpt":{"rendered":"<p>O ceratocone inicia-se na puberdade e caracteriza-se pela altera\u00e7\u00e3o no formato e espessura da c\u00f3rnea, que fica pontuda e fina. O principal sintoma \u00e9 a vis\u00e3o borrada. As causas ainda n\u00e3o est\u00e3o totalmente determinadas, mas acredita-se que a doen\u00e7a esteja relacionada ao h\u00e1bito frequente de co\u00e7ar os olhos e \u00e0 fatores gen\u00e9ticos.<\/p>\n","protected":false},"author":2,"featured_media":0,"comment_status":"closed","ping_status":"closed","sticky":false,"template":"","format":"standard","meta":{"footnotes":""},"categories":[2],"tags":[],"class_list":["post-146","post","type-post","status-publish","format-standard","hentry","category-postagens"],"_links":{"self":[{"href":"https:\/\/draodiliaoftalmo.com.br\/index.php\/wp-json\/wp\/v2\/posts\/146","targetHints":{"allow":["GET"]}}],"collection":[{"href":"https:\/\/draodiliaoftalmo.com.br\/index.php\/wp-json\/wp\/v2\/posts"}],"about":[{"href":"https:\/\/draodiliaoftalmo.com.br\/index.php\/wp-json\/wp\/v2\/types\/post"}],"author":[{"embeddable":true,"href":"https:\/\/draodiliaoftalmo.com.br\/index.php\/wp-json\/wp\/v2\/users\/2"}],"replies":[{"embeddable":true,"href":"https:\/\/draodiliaoftalmo.com.br\/index.php\/wp-json\/wp\/v2\/comments?post=146"}],"version-history":[{"count":0,"href":"https:\/\/draodiliaoftalmo.com.br\/index.php\/wp-json\/wp\/v2\/posts\/146\/revisions"}],"wp:attachment":[{"href":"https:\/\/draodiliaoftalmo.com.br\/index.php\/wp-json\/wp\/v2\/media?parent=146"}],"wp:term":[{"taxonomy":"category","embeddable":true,"href":"https:\/\/draodiliaoftalmo.com.br\/index.php\/wp-json\/wp\/v2\/categories?post=146"},{"taxonomy":"post_tag","embeddable":true,"href":"https:\/\/draodiliaoftalmo.com.br\/index.php\/wp-json\/wp\/v2\/tags?post=146"}],"curies":[{"name":"wp","href":"https:\/\/api.w.org\/{rel}","templated":true}]}}