{"id":110,"date":"2017-05-23T17:07:03","date_gmt":"2017-05-23T20:07:03","guid":{"rendered":"http:\/\/checkupoftalmologia.com.br\/wp\/?p=110"},"modified":"2017-05-23T17:07:03","modified_gmt":"2017-05-23T20:07:03","slug":"degeneracao-macular-relacionada-a-idade","status":"publish","type":"post","link":"https:\/\/draodiliaoftalmo.com.br\/index.php\/2017\/05\/23\/degeneracao-macular-relacionada-a-idade\/","title":{"rendered":"Degenera\u00e7\u00e3o macular relacionada \u00e0 idade"},"content":{"rendered":"<p>A DMRI \u00e9 uma doen\u00e7a que geralmente surge ap\u00f3s os 60 anos de idade. Nas fases avan\u00e7adas pode\u00a0causar uma baixa significativa na vis\u00e3o.<br \/>\n<a href=\"http:\/\/checkupoftalmologia.com.br\/wp\/wp-content\/uploads\/2017\/05\/dmri.jpg\"><img loading=\"lazy\" decoding=\"async\" class=\"wp-image-111 aligncenter\" src=\"http:\/\/checkupoftalmologia.com.br\/wp\/wp-content\/uploads\/2017\/05\/dmri-150x150.jpg\" alt=\"\" width=\"225\" height=\"225\" \/><\/a><\/p>\n","protected":false},"excerpt":{"rendered":"<p>A DMRI \u00e9 uma doen\u00e7a que geralmente surge ap\u00f3s os 60 anos de idade. Nas fases avan\u00e7adas pode\u00a0causar uma baixa significativa na vis\u00e3o.<\/p>\n","protected":false},"author":2,"featured_media":0,"comment_status":"closed","ping_status":"closed","sticky":false,"template":"","format":"standard","meta":{"footnotes":""},"categories":[2],"tags":[],"class_list":["post-110","post","type-post","status-publish","format-standard","hentry","category-postagens"],"_links":{"self":[{"href":"https:\/\/draodiliaoftalmo.com.br\/index.php\/wp-json\/wp\/v2\/posts\/110","targetHints":{"allow":["GET"]}}],"collection":[{"href":"https:\/\/draodiliaoftalmo.com.br\/index.php\/wp-json\/wp\/v2\/posts"}],"about":[{"href":"https:\/\/draodiliaoftalmo.com.br\/index.php\/wp-json\/wp\/v2\/types\/post"}],"author":[{"embeddable":true,"href":"https:\/\/draodiliaoftalmo.com.br\/index.php\/wp-json\/wp\/v2\/users\/2"}],"replies":[{"embeddable":true,"href":"https:\/\/draodiliaoftalmo.com.br\/index.php\/wp-json\/wp\/v2\/comments?post=110"}],"version-history":[{"count":0,"href":"https:\/\/draodiliaoftalmo.com.br\/index.php\/wp-json\/wp\/v2\/posts\/110\/revisions"}],"wp:attachment":[{"href":"https:\/\/draodiliaoftalmo.com.br\/index.php\/wp-json\/wp\/v2\/media?parent=110"}],"wp:term":[{"taxonomy":"category","embeddable":true,"href":"https:\/\/draodiliaoftalmo.com.br\/index.php\/wp-json\/wp\/v2\/categories?post=110"},{"taxonomy":"post_tag","embeddable":true,"href":"https:\/\/draodiliaoftalmo.com.br\/index.php\/wp-json\/wp\/v2\/tags?post=110"}],"curies":[{"name":"wp","href":"https:\/\/api.w.org\/{rel}","templated":true}]}}